{"id":7155,"date":"2022-12-12T08:05:27","date_gmt":"2022-12-12T11:05:27","guid":{"rendered":"https:\/\/bbconsultoria.net\/site\/?p=7155"},"modified":"2023-01-03T15:14:08","modified_gmt":"2023-01-03T18:14:08","slug":"o-senado-dorme-enquanto-as-instituicoes-afundam","status":"publish","type":"post","link":"https:\/\/bbconsultoria.net\/site\/o-senado-dorme-enquanto-as-instituicoes-afundam\/","title":{"rendered":"O Senado dorme enquanto as institui\u00e7\u00f5es afundam"},"content":{"rendered":"<p class=\"texto\">Esta semana, entrevistei, na TV Correio da Manh\u00e3, o senador Portinho, hoje, um dos mais l\u00facidos senadores que consegue ter uma vis\u00e3o cr\u00edtica da institui\u00e7\u00e3o que faz parte.<\/p>\n<p class=\"texto\">Se existem pessoas na porta dos quart\u00e9is pedindo, literalmente, socorro, \u00e9 porque essas pessoas j\u00e1 bateram na porta do Congresso, do judici\u00e1rio e, porque n\u00e3o dizer, do Pal\u00e1cio do Planalto, tamb\u00e9m.<\/p>\n<p class=\"texto\">Portinho, na entrevista, n\u00e3o economizou em cr\u00edticas ao Senado e a omiss\u00e3o, principalmente, do seu presidente, que tem sido extremamente danosa ao Brasil e \u00e0 democracia. Dif\u00edcil arrumar outro adjetivo mais elegante para o senador Rodrigo Pacheco do que &#8220;banana&#8221;.<\/p>\n<p class=\"texto\">Portinho se mostrou confiante na articula\u00e7\u00e3o para que o Senado consiga encontrar um nome alternativo para dar altivez e respeito novamente ao Congresso e, consequentemente, equilibrar os poderes, servindo ao sistema de freios e contrapesos.<\/p>\n<p class=\"texto\">N\u00e3o \u00e9 poss\u00edvel vermos 10 parlamentares censurados previamente, coisa que n\u00e3o aconteceu no regime militar, e o presidente do Congresso n\u00e3o se manifestar.<\/p>\n<p class=\"texto\">Lembro que em 2016 quando, monocraticamente, um ministro do STF mandou afastar o senador Renan Calheiros da presid\u00eancia do Senado, este rasgou a decis\u00e3o dizendo que um \u00fanico ministro n\u00e3o poderia interferir desta forma em outro poder. N\u00e3o tenho admira\u00e7\u00e3o pelo senador citado, mas respeito tal atitude.<\/p>\n<p class=\"texto\">Lembro que quando se censura previamente um parlamentar das suas redes sociais, quem sai prejudicado \u00e9 o eleitor, que n\u00e3o tem como acompanhar nem cobrar o seu representante, direito sagrado em qualquer democracia.<\/p>\n<p class=\"texto\">O sil\u00eancio ensurdecedor de boa parte da velha imprensa me espanta. Quem acha que est\u00e1 a salvo de tamanho absurdo se engana profundamente. Ali\u00e1s, devemos defender, principalmente, quem n\u00e3o concordamos de ter o direito \u00e0 livre express\u00e3o.<\/p>\n<p class=\"texto\">Achar legal porque s\u00e3o &#8220;golpistas&#8221; sendo censurados \u00e9 porque n\u00e3o conhece a hist\u00f3ria. Ali\u00e1s, em uma democracia aut\u00eantica, as pessoas t\u00eam direito de, inclusive, duvidar do regime que vivem. Por acaso algu\u00e9m conhece um ingl\u00eas que tenha sido preso por discordar da monarquia?<\/p>\n<p class=\"texto\">A fala do senador Portinho me deixou esperan\u00e7oso de que podemos ter, no pr\u00f3ximo Senado, algum protagonista para que o pa\u00eds volte \u00e0 normalidade.<\/p>\n","protected":false},"excerpt":{"rendered":"<p>Esta semana, entrevistei, na TV Correio da Manh\u00e3, o senador Portinho, hoje, um dos mais l\u00facidos senadores que consegue ter uma vis\u00e3o cr\u00edtica da institui\u00e7\u00e3o que faz parte. Se existem pessoas na porta dos quart\u00e9is pedindo, literalmente, socorro, \u00e9 porque essas pessoas j\u00e1 bateram na porta do Congresso, do judici\u00e1rio e, porque n\u00e3o dizer, do&#8230; <\/p>\n<div class=\"clear\"><\/div>\n<p><a href=\"https:\/\/bbconsultoria.net\/site\/o-senado-dorme-enquanto-as-instituicoes-afundam\/\" class=\"excerpt-read-more\">Read More<\/a><\/p>\n","protected":false},"author":1,"featured_media":0,"comment_status":"closed","ping_status":"closed","sticky":false,"template":"","format":"standard","meta":{"footnotes":""},"categories":[82],"tags":[],"class_list":["post-7155","post","type-post","status-publish","format-standard","hentry","category-noticias"],"_links":{"self":[{"href":"https:\/\/bbconsultoria.net\/site\/wp-json\/wp\/v2\/posts\/7155","targetHints":{"allow":["GET"]}}],"collection":[{"href":"https:\/\/bbconsultoria.net\/site\/wp-json\/wp\/v2\/posts"}],"about":[{"href":"https:\/\/bbconsultoria.net\/site\/wp-json\/wp\/v2\/types\/post"}],"author":[{"embeddable":true,"href":"https:\/\/bbconsultoria.net\/site\/wp-json\/wp\/v2\/users\/1"}],"replies":[{"embeddable":true,"href":"https:\/\/bbconsultoria.net\/site\/wp-json\/wp\/v2\/comments?post=7155"}],"version-history":[{"count":1,"href":"https:\/\/bbconsultoria.net\/site\/wp-json\/wp\/v2\/posts\/7155\/revisions"}],"predecessor-version":[{"id":7156,"href":"https:\/\/bbconsultoria.net\/site\/wp-json\/wp\/v2\/posts\/7155\/revisions\/7156"}],"wp:attachment":[{"href":"https:\/\/bbconsultoria.net\/site\/wp-json\/wp\/v2\/media?parent=7155"}],"wp:term":[{"taxonomy":"category","embeddable":true,"href":"https:\/\/bbconsultoria.net\/site\/wp-json\/wp\/v2\/categories?post=7155"},{"taxonomy":"post_tag","embeddable":true,"href":"https:\/\/bbconsultoria.net\/site\/wp-json\/wp\/v2\/tags?post=7155"}],"curies":[{"name":"wp","href":"https:\/\/api.w.org\/{rel}","templated":true}]}}