{"id":7153,"date":"2022-12-05T08:12:24","date_gmt":"2022-12-05T11:12:24","guid":{"rendered":"https:\/\/bbconsultoria.net\/site\/?p=7153"},"modified":"2023-01-03T15:13:00","modified_gmt":"2023-01-03T18:13:00","slug":"2022-esta-acabando-2024-e-logo-ali","status":"publish","type":"post","link":"https:\/\/bbconsultoria.net\/site\/2022-esta-acabando-2024-e-logo-ali\/","title":{"rendered":"2022 est\u00e1 acabando. 2024 \u00e9 logo ali"},"content":{"rendered":"<p class=\"texto\">Quando acaba uma elei\u00e7\u00e3o, os pol\u00edticos come\u00e7am a olhar para a pr\u00f3xima. Assim \u00e9 a natureza do processo eleitoral e dos partidos pol\u00edticos.<\/p>\n<p class=\"texto\">A elei\u00e7\u00e3o de 2024 \u00e9 para os cargos de prefeito e vereador. Ela cria as bases dos partidos nos munic\u00edpios. H\u00e1 tempos defendo que a elei\u00e7\u00e3o deveria ser unificada. Seria uma economia de recursos, ajudaria os partidos a criarem um discurso \u00fanico e a terem mais nitidez para o eleitor.<\/p>\n<p class=\"texto\">Talvez esta seja uma boa pauta para o novo Congresso.<\/p>\n<p class=\"texto\">Mas a Cidade do Rio ter\u00e1 uma elei\u00e7\u00e3o bem interessante. O prefeito Eduardo Paes dever\u00e1 tentar seu quarto mandato \u00e0 frente da administra\u00e7\u00e3o municipal. Caso consiga sucesso, ser\u00e1 um recorde em uma cidade que os eleitores costumam cansar dos pol\u00edticos com uma certa brevidade. C\u00e9sar Maia chamava isso de &#8220;fadiga de material&#8221;.<\/p>\n<p class=\"texto\">Eduardo Paes, com o pragmatismo que lhe \u00e9 peculiar, apostou suas fichas no Lula, na busca de fechar o campo da esquerda com ele, j\u00e1 que em um movimento equivocado, subestimou o governador Cl\u00e1udio Castro n\u00e3o o apoiando para a reelei\u00e7\u00e3o.<\/p>\n<p class=\"texto\">Neste caso, sua vaidade falou mais alto que a sua esperteza pol\u00edtica.<\/p>\n<p class=\"texto\">N\u00e3o ser\u00e1 uma tarefa f\u00e1cil . O PSOL j\u00e1 se articula para lan\u00e7ar e buscar apoios para o deputado eleito Tarc\u00edsio Mota. Alessandro Molon, se n\u00e3o tiver um Minist\u00e9rio, provavelmente se lan\u00e7ar\u00e1 \u00e0 prefeitura, hip\u00f3tese que j\u00e1 pensava quando se lan\u00e7ou ao Senado, contra tudo e contra todos.<\/p>\n<p class=\"texto\">Contra Paes pesa o fato de j\u00e1 vai estar h\u00e1 12 anos \u00e0 frente da prefeitura, na sua reelei\u00e7\u00e3o. Dif\u00edcil dizer ao eleitor o que ele far\u00e1 nos pr\u00f3ximos quatro anos que j\u00e1 n\u00e3o tenha feito nos \u00faltimos 12, quando contou com recursos em abund\u00e2ncia, o que nenhum outro governante da cidade teve.<\/p>\n<p class=\"texto\">Pesa a favor de Paes o fato de que, do centro para a direita, campo que saiu vitorioso nesta elei\u00e7\u00e3o, n\u00e3o tem um candidato nato, mesmo com nomes j\u00e1 aparecendo.<\/p>\n<p class=\"texto\">Dr. Luizinho e Otoni de Paula s\u00e3o alguns que j\u00e1 se apresentaram. Certamente, ser\u00e1 decisiva a posi\u00e7\u00e3o do governador e do presidente Bolsonaro.<\/p>\n<p class=\"texto\">Os dois foram vitoriosos na capital e o governador ter\u00e1 uma m\u00e1quina poderosa e azeitada para atender demandas da popula\u00e7\u00e3o.<\/p>\n<p class=\"texto\">Dif\u00edcil o Bolsonaro, tamb\u00e9m no seu ber\u00e7o pol\u00edtico, n\u00e3o se dedicar a tirar Paes do Pal\u00e1cio da Cidade. Os dois tiveram duras colis\u00f5es nesta elei\u00e7\u00e3o .<\/p>\n<p class=\"texto\">Ser\u00e1 uma pleito bem agitado. Vale a pena comprar a pipoca e reservar o lugar para assistir de camarote este embate.<\/p>\n","protected":false},"excerpt":{"rendered":"<p>Quando acaba uma elei\u00e7\u00e3o, os pol\u00edticos come\u00e7am a olhar para a pr\u00f3xima. Assim \u00e9 a natureza do processo eleitoral e dos partidos pol\u00edticos. A elei\u00e7\u00e3o de 2024 \u00e9 para os cargos de prefeito e vereador. Ela cria as bases dos partidos nos munic\u00edpios. H\u00e1 tempos defendo que a elei\u00e7\u00e3o deveria ser unificada. Seria uma economia&#8230; <\/p>\n<div class=\"clear\"><\/div>\n<p><a href=\"https:\/\/bbconsultoria.net\/site\/2022-esta-acabando-2024-e-logo-ali\/\" class=\"excerpt-read-more\">Read More<\/a><\/p>\n","protected":false},"author":1,"featured_media":0,"comment_status":"closed","ping_status":"closed","sticky":false,"template":"","format":"standard","meta":{"footnotes":""},"categories":[82],"tags":[],"class_list":["post-7153","post","type-post","status-publish","format-standard","hentry","category-noticias"],"_links":{"self":[{"href":"https:\/\/bbconsultoria.net\/site\/wp-json\/wp\/v2\/posts\/7153","targetHints":{"allow":["GET"]}}],"collection":[{"href":"https:\/\/bbconsultoria.net\/site\/wp-json\/wp\/v2\/posts"}],"about":[{"href":"https:\/\/bbconsultoria.net\/site\/wp-json\/wp\/v2\/types\/post"}],"author":[{"embeddable":true,"href":"https:\/\/bbconsultoria.net\/site\/wp-json\/wp\/v2\/users\/1"}],"replies":[{"embeddable":true,"href":"https:\/\/bbconsultoria.net\/site\/wp-json\/wp\/v2\/comments?post=7153"}],"version-history":[{"count":1,"href":"https:\/\/bbconsultoria.net\/site\/wp-json\/wp\/v2\/posts\/7153\/revisions"}],"predecessor-version":[{"id":7154,"href":"https:\/\/bbconsultoria.net\/site\/wp-json\/wp\/v2\/posts\/7153\/revisions\/7154"}],"wp:attachment":[{"href":"https:\/\/bbconsultoria.net\/site\/wp-json\/wp\/v2\/media?parent=7153"}],"wp:term":[{"taxonomy":"category","embeddable":true,"href":"https:\/\/bbconsultoria.net\/site\/wp-json\/wp\/v2\/categories?post=7153"},{"taxonomy":"post_tag","embeddable":true,"href":"https:\/\/bbconsultoria.net\/site\/wp-json\/wp\/v2\/tags?post=7153"}],"curies":[{"name":"wp","href":"https:\/\/api.w.org\/{rel}","templated":true}]}}