{"id":7151,"date":"2022-11-13T07:30:20","date_gmt":"2022-11-13T10:30:20","guid":{"rendered":"https:\/\/bbconsultoria.net\/site\/?p=7151"},"modified":"2023-01-03T15:11:57","modified_gmt":"2023-01-03T18:11:57","slug":"de-onde-voces-vem","status":"publish","type":"post","link":"https:\/\/bbconsultoria.net\/site\/de-onde-voces-vem\/","title":{"rendered":"De onde voc\u00eas vem?"},"content":{"rendered":"<p class=\"texto\">Quando vejo o ex-ministro da Economia e ex-presidente do Banco Central durante os oito anos do governo Lula, Henrique Meirelles, e tantas outras cabe\u00e7as coroadas da Economia, que sempre tiveram posi\u00e7\u00f5es mais liberais, surpresos com o recente discurso do presidente eleito, fico me perguntando de onde essa turma vem.<\/p>\n<p class=\"texto\">Lula fez cr\u00edticas ao teto de gastos, que estabelece um limite para despesas p\u00fablicas, na quinta-feira (10), durante um discurso no Centro Cultural Banco do Brasil de Bras\u00edlia para a equipe que cuida da transi\u00e7\u00e3o de governo.<\/p>\n<p class=\"texto\">Parece que o mercado financeiro, \u00e0s vezes, gosta de ser iludido. S\u00f3 pode ser isso. O Lula passou a campanha inteira dizendo que n\u00e3o gostaria de continuar com o teto de gastos, que n\u00e3o acha essencial e que n\u00e3o buscaria alternativas.<\/p>\n<p class=\"texto\">Deixou claro que mudaria a pol\u00edtica de pre\u00e7os da Petrobras e que faria uma interven\u00e7\u00e3o branca na empresa para retomar projetos que ele considera estrat\u00e9gicos e que, vale ressaltar, j\u00e1 vimos o que deu no passado.<\/p>\n<p class=\"texto\">Na campanha, a relev\u00e2ncia do ex-ministro Aloizio Mercadante, da presidente do PT Gleisi Hoffmann e de tantos outros personagens das antigas que, inclusive, foram figuras proeminentes do governo da Dilma, j\u00e1 demonstrava que o protagonista do novo mandato seria, mais uma vez, o PT e n\u00e3o o governo de uma frente, como se propagava.<\/p>\n<p class=\"texto\">Vejam agora que at\u00e9 o ex-ministro da Fazenda Guido Mantega, operador do desastre econ\u00f4mico que foi o governo da Dilma, foi ressuscitado e foi parar na transi\u00e7\u00e3o. Mantega est\u00e1 inabilitado pelo TCU a assumir qualquer cargo p\u00fablico at\u00e9 o dia 25 de fevereiro de 2030, quando ter\u00e1 81 anos de idade.<\/p>\n<p class=\"texto\">Ele tem uma condena\u00e7\u00e3o e n\u00e3o pode assumir um cargo p\u00fablico, mas est\u00e1 l\u00e1 dando pitaco no que vai ser o modelo econ\u00f4mico do governo Lula.<\/p>\n<p class=\"texto\">Agora, nos resta torcer para que o novo Congresso tenha condi\u00e7\u00f5es de ser um equil\u00edbrio nos desatinos que podem vir a aparecer por conta dessas figuras, que j\u00e1 sabemos o que pensam sobre como deve ser o modelo econ\u00f4mico brasileiro.<\/p>\n<p class=\"texto\">E, aproveitando que estamos falando do novo Congresso, espero que tome atitudes concretas nessa usurpa\u00e7\u00e3o de poder dos Supremos, que calam e censuram parlamentares e, por incr\u00edvel que pare\u00e7a, sem nenhuma atitude do presidente do Casa. \u00c9 muito surpreendente um poder ultrapassar os limites da Constitui\u00e7\u00e3o, calar membros de outro poder e o presidente deste poder n\u00e3o se manifestar.<\/p>\n<p class=\"texto\">Vivemos tempos sombrios e dif\u00edceis.<\/p>\n","protected":false},"excerpt":{"rendered":"<p>Quando vejo o ex-ministro da Economia e ex-presidente do Banco Central durante os oito anos do governo Lula, Henrique Meirelles, e tantas outras cabe\u00e7as coroadas da Economia, que sempre tiveram posi\u00e7\u00f5es mais liberais, surpresos com o recente discurso do presidente eleito, fico me perguntando de onde essa turma vem. Lula fez cr\u00edticas ao teto de&#8230; <\/p>\n<div class=\"clear\"><\/div>\n<p><a href=\"https:\/\/bbconsultoria.net\/site\/de-onde-voces-vem\/\" class=\"excerpt-read-more\">Read More<\/a><\/p>\n","protected":false},"author":1,"featured_media":0,"comment_status":"closed","ping_status":"closed","sticky":false,"template":"","format":"standard","meta":{"footnotes":""},"categories":[82],"tags":[],"class_list":["post-7151","post","type-post","status-publish","format-standard","hentry","category-noticias"],"_links":{"self":[{"href":"https:\/\/bbconsultoria.net\/site\/wp-json\/wp\/v2\/posts\/7151","targetHints":{"allow":["GET"]}}],"collection":[{"href":"https:\/\/bbconsultoria.net\/site\/wp-json\/wp\/v2\/posts"}],"about":[{"href":"https:\/\/bbconsultoria.net\/site\/wp-json\/wp\/v2\/types\/post"}],"author":[{"embeddable":true,"href":"https:\/\/bbconsultoria.net\/site\/wp-json\/wp\/v2\/users\/1"}],"replies":[{"embeddable":true,"href":"https:\/\/bbconsultoria.net\/site\/wp-json\/wp\/v2\/comments?post=7151"}],"version-history":[{"count":1,"href":"https:\/\/bbconsultoria.net\/site\/wp-json\/wp\/v2\/posts\/7151\/revisions"}],"predecessor-version":[{"id":7152,"href":"https:\/\/bbconsultoria.net\/site\/wp-json\/wp\/v2\/posts\/7151\/revisions\/7152"}],"wp:attachment":[{"href":"https:\/\/bbconsultoria.net\/site\/wp-json\/wp\/v2\/media?parent=7151"}],"wp:term":[{"taxonomy":"category","embeddable":true,"href":"https:\/\/bbconsultoria.net\/site\/wp-json\/wp\/v2\/categories?post=7151"},{"taxonomy":"post_tag","embeddable":true,"href":"https:\/\/bbconsultoria.net\/site\/wp-json\/wp\/v2\/tags?post=7151"}],"curies":[{"name":"wp","href":"https:\/\/api.w.org\/{rel}","templated":true}]}}