{"id":7149,"date":"2022-11-06T07:10:19","date_gmt":"2022-11-06T10:10:19","guid":{"rendered":"https:\/\/bbconsultoria.net\/site\/?p=7149"},"modified":"2023-01-03T15:11:07","modified_gmt":"2023-01-03T18:11:07","slug":"afinal-por-que-o-povo-esta-nas-ruas","status":"publish","type":"post","link":"https:\/\/bbconsultoria.net\/site\/afinal-por-que-o-povo-esta-nas-ruas\/","title":{"rendered":"Afinal, por que o povo est\u00e1 nas ruas?"},"content":{"rendered":"<p class=\"texto\">Engana-se quem pensa que centenas de milhares de pessoas est\u00e3o indo para as ruas, nos mais diferentes estados, nas mais diferentes cidades, exclusivamente por conta da derrota do Bolsonaro.<\/p>\n<p class=\"texto\">N\u00e3o \u00e9 essa a leitura que fa\u00e7o. Acho que o presidente Bolsonaro \u00e9 apenas a fagulha que acendeu a descren\u00e7a da popula\u00e7\u00e3o nas institui\u00e7\u00f5es. Refiro-me ao Congresso, ao Supremo e \u00e0 grande M\u00eddia. H\u00e1 uma falta de credibilidade generalizada na capacidade de interlocu\u00e7\u00e3o junto \u00e0 sociedade. \u00c9 por isso que vemos fam\u00edlias inteiras e n\u00e3o apenas um bando de golpistas, como alguns querem sugerir, na porta de quart\u00e9is pedindo interven\u00e7\u00e3o militar no Brasil.<\/p>\n<p class=\"texto\">De antem\u00e3o, digo que sou absolutamente contr\u00e1rio a esse tipo de medida. Primeiro, porque acho que n\u00e3o \u00e9 a solu\u00e7\u00e3o. N\u00e3o se combate o mal com o mal. Segundo, porque ela \u00e9 inexequ\u00edvel. Mas, uma coisa \u00e9 certa: quando as pessoas chegam ao ponto de pedir algo absurdo dessa forma, em todo territ\u00f3rio nacional, algo de muito errado est\u00e1 acontecendo com o pa\u00eds.<\/p>\n<p class=\"texto\">E o que mais me assusta \u00e9 como a velha imprensa e parte dos formadores de opini\u00e3o querem minimizar isso rotulando como um &#8220;choro de perdedor&#8221;, insistindo em botar para debaixo do tapete e fingindo que nada est\u00e1 acontecendo. Torna-se muito urgente uma autocr\u00edtica forte das institui\u00e7\u00f5es como um todo do momento que o Brasil atravessa.<\/p>\n<p class=\"texto\">Se essas pessoas n\u00e3o come\u00e7arem a ver, realmente, mudan\u00e7as no pa\u00eds e, principalmente, as institui\u00e7\u00f5es n\u00e3o passarem a funcionar de forma adequada, dificilmente teremos paz e tranquilidade, independente de quem seja o presidente.<\/p>\n<p class=\"texto\">Primeira coisa a se fazer \u00e9 reduzir esse enorme ativismo judicial de parte do Supremo, que, ali\u00e1s, \u00e9 o estopim de toda essa crise que vivemos hoje. Achar que cancelar tr\u00eas ou quatro contas em redes sociais e prender dois ou tr\u00eas vai abafar esse tipo de manifesta\u00e7\u00e3o chega a ser ing\u00eanuo. O mais preocupante disso tudo \u00e9 que essas manifesta\u00e7\u00f5es n\u00e3o t\u00eam uma coordena\u00e7\u00e3o organizada.<\/p>\n<p class=\"texto\">O que estamos vivendo hoje decorre e muito do ativismo judicial e da intromiss\u00e3o desse poder nos outros poderes e na vida comum do cidad\u00e3o. Repito e alerto: o momento \u00e9 de muita preocupa\u00e7\u00e3o, principalmente, porque os ditos formadores de opini\u00e3o n\u00e3o est\u00e3o fazendo o diagn\u00f3stico certo e, dessa forma, est\u00e3o aplicando o rem\u00e9dio errado.<\/p>\n","protected":false},"excerpt":{"rendered":"<p>Engana-se quem pensa que centenas de milhares de pessoas est\u00e3o indo para as ruas, nos mais diferentes estados, nas mais diferentes cidades, exclusivamente por conta da derrota do Bolsonaro. N\u00e3o \u00e9 essa a leitura que fa\u00e7o. Acho que o presidente Bolsonaro \u00e9 apenas a fagulha que acendeu a descren\u00e7a da popula\u00e7\u00e3o nas institui\u00e7\u00f5es. Refiro-me ao&#8230; <\/p>\n<div class=\"clear\"><\/div>\n<p><a href=\"https:\/\/bbconsultoria.net\/site\/afinal-por-que-o-povo-esta-nas-ruas\/\" class=\"excerpt-read-more\">Read More<\/a><\/p>\n","protected":false},"author":1,"featured_media":0,"comment_status":"closed","ping_status":"closed","sticky":false,"template":"","format":"standard","meta":{"footnotes":""},"categories":[82],"tags":[],"class_list":["post-7149","post","type-post","status-publish","format-standard","hentry","category-noticias"],"_links":{"self":[{"href":"https:\/\/bbconsultoria.net\/site\/wp-json\/wp\/v2\/posts\/7149","targetHints":{"allow":["GET"]}}],"collection":[{"href":"https:\/\/bbconsultoria.net\/site\/wp-json\/wp\/v2\/posts"}],"about":[{"href":"https:\/\/bbconsultoria.net\/site\/wp-json\/wp\/v2\/types\/post"}],"author":[{"embeddable":true,"href":"https:\/\/bbconsultoria.net\/site\/wp-json\/wp\/v2\/users\/1"}],"replies":[{"embeddable":true,"href":"https:\/\/bbconsultoria.net\/site\/wp-json\/wp\/v2\/comments?post=7149"}],"version-history":[{"count":1,"href":"https:\/\/bbconsultoria.net\/site\/wp-json\/wp\/v2\/posts\/7149\/revisions"}],"predecessor-version":[{"id":7150,"href":"https:\/\/bbconsultoria.net\/site\/wp-json\/wp\/v2\/posts\/7149\/revisions\/7150"}],"wp:attachment":[{"href":"https:\/\/bbconsultoria.net\/site\/wp-json\/wp\/v2\/media?parent=7149"}],"wp:term":[{"taxonomy":"category","embeddable":true,"href":"https:\/\/bbconsultoria.net\/site\/wp-json\/wp\/v2\/categories?post=7149"},{"taxonomy":"post_tag","embeddable":true,"href":"https:\/\/bbconsultoria.net\/site\/wp-json\/wp\/v2\/tags?post=7149"}],"curies":[{"name":"wp","href":"https:\/\/api.w.org\/{rel}","templated":true}]}}