{"id":7147,"date":"2022-10-30T05:08:01","date_gmt":"2022-10-30T08:08:01","guid":{"rendered":"https:\/\/bbconsultoria.net\/site\/?p=7147"},"modified":"2023-01-03T15:09:08","modified_gmt":"2023-01-03T18:09:08","slug":"um-pais-dividido","status":"publish","type":"post","link":"https:\/\/bbconsultoria.net\/site\/um-pais-dividido\/","title":{"rendered":"Um pa\u00eds dividido"},"content":{"rendered":"<div dir=\"auto\">Escrevo no momento em que Lula matematicamente \u00e9 eleito presidente da Rep\u00fablica. A elei\u00e7\u00e3o mais dura e radicalizada desde 1989 (Lula x Collor), deixa um Brasil absolutamente dividido.<\/div>\n<div dir=\"auto\"><\/div>\n<div dir=\"auto\">O pa\u00eds elege um presidente de esquerda, que j\u00e1 governou o Brasil por dois mandatos, e elegeu sua sucessora. Por outro lado, no primeiro turno, a popula\u00e7\u00e3o elegeu um congresso majoritariamente de direita, em especial com senadores bastante combativos, aliados de primeira hora de Bolsonaro, presidente n\u00e3o reeleito. Cabe ressaltar tamb\u00e9m que, nos tr\u00eas principais estados do pa\u00eds, foram eleitos governadores aliados do atual presidente.<\/div>\n<div dir=\"auto\"><\/div>\n<div dir=\"auto\">Muito cedo ainda para saber como ser\u00e1 esta rela\u00e7\u00e3o. Vai depender de como Lula ir\u00e1 se comportar j\u00e1 no seu primeiro pronunciamento.<\/div>\n<div dir=\"auto\">Certamente, para conseguir governar, ter\u00e1 que montar um governo amplo, sem a hegemonia do PT. Caso contr\u00e1rio considero natimorto.<\/div>\n<div dir=\"auto\">Algumas figuras pol\u00edticas despontam, e merecem destaque na minha an\u00e1lise.<\/div>\n<div dir=\"auto\"><\/div>\n<div dir=\"auto\">A senadora Simone Tebet certamente passou a ser um nome nacional. Outro nome que tamb\u00e9m merece destaque \u00e9 do governador eleito novamente, Eduardo Leite. Conseguiu uma vit\u00f3ria hist\u00f3rica no Rio Grande do sul. O que o torna um nome para 2026.<\/div>\n<div dir=\"auto\"><\/div>\n<div dir=\"auto\">N\u00e3o d\u00e1 para n\u00e3o citar o governador eleito de S\u00e3o Paulo Tarc\u00edsio de Freitas, um carioca, que nunca havia disputado uma elei\u00e7\u00e3o, passa a ser um quadro muito importante no cen\u00e1rio nacional. Destacaria tamb\u00e9m o governador do Rio, Cl\u00e1udio Castro. Conseguiu ampliar a vantagem do Bolsonaro no estado, e pelo seu temperamento moderado, acredito ser uma ponte importante entre os dois lados.<\/div>\n<div dir=\"auto\"><\/div>\n<div dir=\"auto\">Alguns personagens pol\u00edticos saem arranhados. Ciro Gomes deve sair de cena. Ficou completamente deslocado politicamente. O governador de Minas, apesar do seu forte empenho, Bolsonaro foi derrotado em seu estado. O Prefeito do Rio Eduardo Paes, que se engajou de corpo e alma , n\u00e3o conseguiu tornar Lula vitorioso na Capital. Pelo contr\u00e1rio. A vantagem aumentou.<\/div>\n<div dir=\"auto\"><\/div>\n<div dir=\"auto\">O que eu posso dizer neste momento \u00e9 que Lula ir\u00e1 precisar de todo sabedoria e talento, para lidar com um pa\u00eds rachado no meio. Inclusive nas diferen\u00e7as regionais. Lula ganhou no Nordeste e perdeu no Sul, Sudeste, Centro-Oeste e Norte. Se, no Brasil, o sistema fosse igual ao dos EUA, uma federa\u00e7\u00e3o, o presidente da Rep\u00fablica seria Bolsonaro, justamente por ganhar na maioria dos estados. Por a\u00ed vemos que os desafios s\u00e3o gigantes.<\/div>\n<div dir=\"auto\"><\/div>\n<div dir=\"auto\">Por outro lado, n\u00e3o podemos achar que o bolsonarismo foi enterrado. Em que pese, tenha havido uma derrota eleitoral. N\u00e3o entendo que tenha havido uma derrota pol\u00edtica. Apesar de toda for\u00e7a contr\u00e1ria da grande m\u00eddia, e da interfer\u00eancia do judici\u00e1rio, teve praticamente a mesma vota\u00e7\u00e3o de 2018. Resta saber o que far\u00e1 Bolsonaro daqui para frente.<\/div>\n<div dir=\"auto\"><\/div>\n<div dir=\"auto\">Muitas d\u00favidas existem do que ser\u00e1 o Brasil depois desta elei\u00e7\u00e3o. Estas s\u00e3o as minhas primeiras impress\u00f5es.<\/div>\n","protected":false},"excerpt":{"rendered":"<p>Escrevo no momento em que Lula matematicamente \u00e9 eleito presidente da Rep\u00fablica. A elei\u00e7\u00e3o mais dura e radicalizada desde 1989 (Lula x Collor), deixa um Brasil absolutamente dividido. O pa\u00eds elege um presidente de esquerda, que j\u00e1 governou o Brasil por dois mandatos, e elegeu sua sucessora. Por outro lado, no primeiro turno, a popula\u00e7\u00e3o&#8230; <\/p>\n<div class=\"clear\"><\/div>\n<p><a href=\"https:\/\/bbconsultoria.net\/site\/um-pais-dividido\/\" class=\"excerpt-read-more\">Read More<\/a><\/p>\n","protected":false},"author":1,"featured_media":0,"comment_status":"closed","ping_status":"closed","sticky":false,"template":"","format":"standard","meta":{"footnotes":""},"categories":[82],"tags":[],"class_list":["post-7147","post","type-post","status-publish","format-standard","hentry","category-noticias"],"_links":{"self":[{"href":"https:\/\/bbconsultoria.net\/site\/wp-json\/wp\/v2\/posts\/7147","targetHints":{"allow":["GET"]}}],"collection":[{"href":"https:\/\/bbconsultoria.net\/site\/wp-json\/wp\/v2\/posts"}],"about":[{"href":"https:\/\/bbconsultoria.net\/site\/wp-json\/wp\/v2\/types\/post"}],"author":[{"embeddable":true,"href":"https:\/\/bbconsultoria.net\/site\/wp-json\/wp\/v2\/users\/1"}],"replies":[{"embeddable":true,"href":"https:\/\/bbconsultoria.net\/site\/wp-json\/wp\/v2\/comments?post=7147"}],"version-history":[{"count":1,"href":"https:\/\/bbconsultoria.net\/site\/wp-json\/wp\/v2\/posts\/7147\/revisions"}],"predecessor-version":[{"id":7148,"href":"https:\/\/bbconsultoria.net\/site\/wp-json\/wp\/v2\/posts\/7147\/revisions\/7148"}],"wp:attachment":[{"href":"https:\/\/bbconsultoria.net\/site\/wp-json\/wp\/v2\/media?parent=7147"}],"wp:term":[{"taxonomy":"category","embeddable":true,"href":"https:\/\/bbconsultoria.net\/site\/wp-json\/wp\/v2\/categories?post=7147"},{"taxonomy":"post_tag","embeddable":true,"href":"https:\/\/bbconsultoria.net\/site\/wp-json\/wp\/v2\/tags?post=7147"}],"curies":[{"name":"wp","href":"https:\/\/api.w.org\/{rel}","templated":true}]}}