{"id":7145,"date":"2022-10-24T06:10:41","date_gmt":"2022-10-24T09:10:41","guid":{"rendered":"https:\/\/bbconsultoria.net\/site\/?p=7145"},"modified":"2023-01-03T15:07:37","modified_gmt":"2023-01-03T18:07:37","slug":"o-jornalismo-politico-tera-que-se-reinventar","status":"publish","type":"post","link":"https:\/\/bbconsultoria.net\/site\/o-jornalismo-politico-tera-que-se-reinventar\/","title":{"rendered":"O jornalismo pol\u00edtico ter\u00e1 que se reinventar"},"content":{"rendered":"<p class=\"texto\">Algo que certamente acontecer\u00e1 ap\u00f3s a campanha, ser\u00e1 uma enorme reflex\u00e3o de boa parte dos meios de comunica\u00e7\u00e3o.<\/p>\n<p class=\"texto\">Folha, UOL, grupo globo, e outras menos conceituadas perderam a vergonha de fazer campanha para o candidato do PT. Seus principais articulistas n\u00e3o saem do Twitter, com tentativas de desconstru\u00e7\u00e3o do atual presidente , e &#8221; passando pano&#8221; para seu candidato do cora\u00e7\u00e3o.<\/p>\n<p class=\"texto\">N\u00e3o vejo problema nenhum em ve\u00edculos serem cr\u00edticos a um candidato e terem prefer\u00eancia por outro, isto acontece por exemplo, nos EUA. Mas l\u00e1, os editoriais dos ve\u00edculos deixam claro as suas prefer\u00eancias . Assim o consumidor sabe a linha do ve\u00edculo de comunica\u00e7\u00e3o.<\/p>\n<p class=\"texto\">O que acontecia no Brasil at\u00e9 ent\u00e3o era uma esp\u00e9cie isen\u00e7\u00e3o mascarada. Os ve\u00edculos tinham n\u00edtida prefer\u00eancia , mas posavam de isentos, e arautos da verdade suprema.<\/p>\n<p class=\"texto\">Veja o caso do Correio da Manh\u00e3. Quem l\u00ea sabe da sua linha editorial. Em que pese o jornal tem articulistas historicamente de esquerda. Assim devem se comportar os ve\u00edculos que expressam opin\u00f5es nos seus editoriais.<\/p>\n<p class=\"texto\">O descr\u00e9dito destes ve\u00edculos tradicionais vem justamente desta forma de maquiar uma falsa isen\u00e7\u00e3o. Isto funcionou enquanto as m\u00eddias sociais n\u00e3o tinham o alcance que hoje tem. Agora ningu\u00e9m det\u00e9m o monop\u00f3lio da comunica\u00e7\u00e3o, e a\u00ed percebo porque alguns se calam quando o candidato do PT fala em regulamentar as redes sociais.<\/p>\n<p class=\"texto\">N\u00e3o se enganem. Regulamenta\u00e7\u00e3o de m\u00eddia \u00e9 censura disfar\u00e7ada . Nada justifica a censura. Se existe excessos, a lei tem puni\u00e7\u00f5es para cal\u00fania e difama\u00e7\u00e3o. Eu luto para que o maior idiota que conhe\u00e7o tenha o direito de falar as suas besteiras. Certamente ser\u00e1 melhor que termos um censor dizendo o que podemos ou n\u00e3o falar.<\/p>\n<p class=\"texto\">Fa\u00e7o este artigo triste e preocupado, porque sei da import\u00e2ncia para toda a sociedade de uma imprensa forte, com credibilidade, que possa passar a popula\u00e7\u00e3o fatos concretos e opini\u00f5es firmes.<\/p>\n","protected":false},"excerpt":{"rendered":"<p>Algo que certamente acontecer\u00e1 ap\u00f3s a campanha, ser\u00e1 uma enorme reflex\u00e3o de boa parte dos meios de comunica\u00e7\u00e3o. Folha, UOL, grupo globo, e outras menos conceituadas perderam a vergonha de fazer campanha para o candidato do PT. Seus principais articulistas n\u00e3o saem do Twitter, com tentativas de desconstru\u00e7\u00e3o do atual presidente , e &#8221; passando&#8230; <\/p>\n<div class=\"clear\"><\/div>\n<p><a href=\"https:\/\/bbconsultoria.net\/site\/o-jornalismo-politico-tera-que-se-reinventar\/\" class=\"excerpt-read-more\">Read More<\/a><\/p>\n","protected":false},"author":1,"featured_media":0,"comment_status":"closed","ping_status":"closed","sticky":false,"template":"","format":"standard","meta":{"footnotes":""},"categories":[82],"tags":[],"class_list":["post-7145","post","type-post","status-publish","format-standard","hentry","category-noticias"],"_links":{"self":[{"href":"https:\/\/bbconsultoria.net\/site\/wp-json\/wp\/v2\/posts\/7145","targetHints":{"allow":["GET"]}}],"collection":[{"href":"https:\/\/bbconsultoria.net\/site\/wp-json\/wp\/v2\/posts"}],"about":[{"href":"https:\/\/bbconsultoria.net\/site\/wp-json\/wp\/v2\/types\/post"}],"author":[{"embeddable":true,"href":"https:\/\/bbconsultoria.net\/site\/wp-json\/wp\/v2\/users\/1"}],"replies":[{"embeddable":true,"href":"https:\/\/bbconsultoria.net\/site\/wp-json\/wp\/v2\/comments?post=7145"}],"version-history":[{"count":1,"href":"https:\/\/bbconsultoria.net\/site\/wp-json\/wp\/v2\/posts\/7145\/revisions"}],"predecessor-version":[{"id":7146,"href":"https:\/\/bbconsultoria.net\/site\/wp-json\/wp\/v2\/posts\/7145\/revisions\/7146"}],"wp:attachment":[{"href":"https:\/\/bbconsultoria.net\/site\/wp-json\/wp\/v2\/media?parent=7145"}],"wp:term":[{"taxonomy":"category","embeddable":true,"href":"https:\/\/bbconsultoria.net\/site\/wp-json\/wp\/v2\/categories?post=7145"},{"taxonomy":"post_tag","embeddable":true,"href":"https:\/\/bbconsultoria.net\/site\/wp-json\/wp\/v2\/tags?post=7145"}],"curies":[{"name":"wp","href":"https:\/\/api.w.org\/{rel}","templated":true}]}}