{"id":7138,"date":"2022-09-27T06:01:48","date_gmt":"2022-09-27T09:01:48","guid":{"rendered":"https:\/\/bbconsultoria.net\/site\/?p=7138"},"modified":"2023-01-03T15:02:47","modified_gmt":"2023-01-03T18:02:47","slug":"ha-possibilidade-de-vitorias-no-primeiro-turno","status":"publish","type":"post","link":"https:\/\/bbconsultoria.net\/site\/ha-possibilidade-de-vitorias-no-primeiro-turno\/","title":{"rendered":"H\u00e1 possibilidade de vit\u00f3rias no primeiro turno?"},"content":{"rendered":"<div dir=\"auto\">Apesar de algumas pesquisas apontarem a vit\u00f3ria do ex-presidente Lula no primeiro turno, eu considero pouco prov\u00e1vel.\u00a0 De forma geral, as pesquisas n\u00e3o captam um voto silencioso, que \u00e9 o do evang\u00e9lico. Esse voto, na sua maioria, como \u00e9 mais conservador, tende a ir para o presidente Bolsonaro. Ent\u00e3o, n\u00e3o vejo como vi\u00e1vel essa probabilidade de defini\u00e7\u00e3o de quem vai governar o pa\u00eds, j\u00e1 no pr\u00f3ximo domingo, dia 2 de outubro.<\/div>\n<div dir=\"auto\"><\/div>\n<div dir=\"auto\">No plano estadual, aqui no Rio de Janeiro, as pesquisas, tamb\u00e9m, apontam que h\u00e1 chance da elei\u00e7\u00e3o \u00a0ser definida no primeiro turno. Por\u00e9m, vale ressaltar que ainda h\u00e1 muitos indecisos, no voto espont\u00e2neo, para o governo do estado. Da mesma forma, \u00e9 muito grande a possibilidade do voto evang\u00e9lico migrar para o Cl\u00e1udio Castro, que disputa, diretamente, com o Marcelo Freixo. Esse cen\u00e1rio pode representar para o atual governador uma situa\u00e7\u00e3o favor\u00e1vel para a vit\u00f3ria logo no primeiro turno.<\/div>\n<div dir=\"auto\"><\/div>\n<div dir=\"auto\">J\u00e1 para o Senado, as pesquisas costumam ser muito trai\u00e7oeiras e surpresas costumam ocorrer, no nosso estado. Em geral, o voto para senador \u00e9 o \u00faltimo que o eleitor escolhe. Algumas pesquisas indicam mais de 60% de indecisos no voto espont\u00e2neo. H\u00e1 quatro candidatos mais competitivos disputando uma vaga, mas a elei\u00e7\u00e3o para esse cargo \u00e9 muito aberta.<\/div>\n<div dir=\"auto\"><\/div>\n<div dir=\"auto\">O fato \u00e9 que estamos na \u00faltima semana de campanha. Nesta ter\u00e7a-feira (27), ter\u00e1 debate com os candidatos ao governo do estado, na TV Globo, com a participa\u00e7\u00e3o dos quatro principais nomes, Cl\u00e1udio Castro, Marcelo Freixo, Paulo Ganime e Rodrigo Neves.<\/div>\n<div dir=\"auto\"><\/div>\n<div dir=\"auto\">E, na pr\u00f3xima quinta-feira (29), vai acontecer o debate com os candidatos \u00e0 presid\u00eancia da Rep\u00fablica nas Elei\u00e7\u00f5es 2022, na mesma emissora. Segundo a Globo, foram convidados sete candidatos \u00e0 presid\u00eancia para o debate: Ciro Gomes, Luiz Felipe D\u2019\u00c1vila, Jair Bolsonaro, Lula, Padre Kelmon, Simone Tebet e Soraya Thronicke.<\/div>\n<div dir=\"auto\"><\/div>\n<div dir=\"auto\">Certamente, a performance deles nos encontros vai influenciar os indecisos, que s\u00e3o poucos, para a elei\u00e7\u00e3o presidencial, mas para o governo do estado ainda s\u00e3o muitos.<\/div>\n","protected":false},"excerpt":{"rendered":"<p>Apesar de algumas pesquisas apontarem a vit\u00f3ria do ex-presidente Lula no primeiro turno, eu considero pouco prov\u00e1vel.\u00a0 De forma geral, as pesquisas n\u00e3o captam um voto silencioso, que \u00e9 o do evang\u00e9lico. Esse voto, na sua maioria, como \u00e9 mais conservador, tende a ir para o presidente Bolsonaro. Ent\u00e3o, n\u00e3o vejo como vi\u00e1vel essa probabilidade&#8230; <\/p>\n<div class=\"clear\"><\/div>\n<p><a href=\"https:\/\/bbconsultoria.net\/site\/ha-possibilidade-de-vitorias-no-primeiro-turno\/\" class=\"excerpt-read-more\">Read More<\/a><\/p>\n","protected":false},"author":1,"featured_media":0,"comment_status":"closed","ping_status":"closed","sticky":false,"template":"","format":"standard","meta":{"footnotes":""},"categories":[82],"tags":[],"class_list":["post-7138","post","type-post","status-publish","format-standard","hentry","category-noticias"],"_links":{"self":[{"href":"https:\/\/bbconsultoria.net\/site\/wp-json\/wp\/v2\/posts\/7138","targetHints":{"allow":["GET"]}}],"collection":[{"href":"https:\/\/bbconsultoria.net\/site\/wp-json\/wp\/v2\/posts"}],"about":[{"href":"https:\/\/bbconsultoria.net\/site\/wp-json\/wp\/v2\/types\/post"}],"author":[{"embeddable":true,"href":"https:\/\/bbconsultoria.net\/site\/wp-json\/wp\/v2\/users\/1"}],"replies":[{"embeddable":true,"href":"https:\/\/bbconsultoria.net\/site\/wp-json\/wp\/v2\/comments?post=7138"}],"version-history":[{"count":1,"href":"https:\/\/bbconsultoria.net\/site\/wp-json\/wp\/v2\/posts\/7138\/revisions"}],"predecessor-version":[{"id":7139,"href":"https:\/\/bbconsultoria.net\/site\/wp-json\/wp\/v2\/posts\/7138\/revisions\/7139"}],"wp:attachment":[{"href":"https:\/\/bbconsultoria.net\/site\/wp-json\/wp\/v2\/media?parent=7138"}],"wp:term":[{"taxonomy":"category","embeddable":true,"href":"https:\/\/bbconsultoria.net\/site\/wp-json\/wp\/v2\/categories?post=7138"},{"taxonomy":"post_tag","embeddable":true,"href":"https:\/\/bbconsultoria.net\/site\/wp-json\/wp\/v2\/tags?post=7138"}],"curies":[{"name":"wp","href":"https:\/\/api.w.org\/{rel}","templated":true}]}}