{"id":7134,"date":"2022-09-13T09:00:47","date_gmt":"2022-09-13T12:00:47","guid":{"rendered":"https:\/\/bbconsultoria.net\/site\/?p=7134"},"modified":"2023-01-03T15:00:44","modified_gmt":"2023-01-03T18:00:44","slug":"politica-requer-gelo-na-veia","status":"publish","type":"post","link":"https:\/\/bbconsultoria.net\/site\/politica-requer-gelo-na-veia\/","title":{"rendered":"Pol\u00edtica requer &#8220;gelo na veia&#8221;"},"content":{"rendered":"<div dir=\"auto\">Esta semana tivemos intensas negocia\u00e7\u00f5es pol\u00edticas ap\u00f3s o TRE-RJ indeferir a candidatura de Washington Reis como vice do governador Cl\u00e1udio Castro, o que levou o ex-prefeito de Duque de Caxias a renunciar, na \u00faltima sexta-feira. Foram muitas negocia\u00e7\u00f5es partid\u00e1rias, uma leva de candidatos surgindo, como o caso dos deputados federais Dr. Luizinho e Vinicius Farah, entre outros nomes menos cotados para substituir Reis na chapa de Castro.<\/div>\n<div dir=\"auto\"><\/div>\n<div dir=\"auto\">Mas, por que essa vaga de vice \u00e9 t\u00e3o cobi\u00e7ada? O fato \u00e9 que, como Cl\u00e1udio Castro est\u00e1 na sua reelei\u00e7\u00e3o e n\u00e3o pode mais disputar outro pleito para o governo do estado, muito provavelmente, em 2026, ele ir\u00e1 desincompatibilizar-se do cargo para disputar outro cargo eletivo, como o de senador ou deputado federal, por exemplo. Com isso, vai possibilitar que o seu vice fique como governador durante nove meses e possa disputar uma reelei\u00e7\u00e3o sentado na cadeira, o que \u00e9 uma grande vantagem para quem pretende concorrer \u00e0 vaga para o Pal\u00e1cio Guanabara. Ou seja, o vice de agora ser\u00e1 um potencial candidato a governador daqui a quatro anos.<\/div>\n<div dir=\"auto\"><\/div>\n<div dir=\"auto\">Ap\u00f3s dias de conversas com \u00e2nimos acirrados, \u00a0inclusive com carta e amea\u00e7as de rompimento por parte do Uni\u00e3o Brasil com a Coliga\u00e7\u00e3o, chegou-se a um denominador comum e o deputado estadual Thiago Pampolha foi o escolhido como novo parceiro da chapa. O an\u00fancio foi feito pelas redes sociais de Claudio Castro, ontem. Pampolha est\u00e1 no seu terceiro mandato de deputado estadual e estava em campanha pela reelei\u00e7\u00e3o.<\/div>\n<div dir=\"auto\"><\/div>\n<div dir=\"auto\">A escolha evidenciou uma das grandes virtudes do governador Cl\u00e1udio Castro: a habilidade de negociar. Teve sangue frio suficiente, esperou o momento certo, n\u00e3o se desesperou com as press\u00f5es, n\u00e3o se destemperou, buscou o consenso entre os maiores partidos aliados e acabou conseguindo colocar um nome que lhe d\u00e1 bastante conforto.<\/div>\n<div dir=\"auto\"><\/div>\n<div dir=\"auto\">Thiago Pampolha, de 35 anos, foi secret\u00e1rio estadual de Meio Ambiente de Castro, em 2020, \u00e9 uma pessoa muito pr\u00f3xima a ele, al\u00e9m de ser um pol\u00edtico novo, de uma nova safra. Com isso, o governador n\u00e3o s\u00f3 fortalece a sua posi\u00e7\u00e3o na capital, principalmente na Zona Oeste, mas tamb\u00e9m ganha tranquilidade para governar com um vice de total confian\u00e7a.<\/div>\n<div dir=\"auto\"><\/div>\n<div dir=\"auto\">Enfim, pol\u00edtica \u00e9 pra quem tem gelo na veia.<\/div>\n","protected":false},"excerpt":{"rendered":"<p>Esta semana tivemos intensas negocia\u00e7\u00f5es pol\u00edticas ap\u00f3s o TRE-RJ indeferir a candidatura de Washington Reis como vice do governador Cl\u00e1udio Castro, o que levou o ex-prefeito de Duque de Caxias a renunciar, na \u00faltima sexta-feira. Foram muitas negocia\u00e7\u00f5es partid\u00e1rias, uma leva de candidatos surgindo, como o caso dos deputados federais Dr. Luizinho e Vinicius Farah,&#8230; <\/p>\n<div class=\"clear\"><\/div>\n<p><a href=\"https:\/\/bbconsultoria.net\/site\/politica-requer-gelo-na-veia\/\" class=\"excerpt-read-more\">Read More<\/a><\/p>\n","protected":false},"author":1,"featured_media":0,"comment_status":"closed","ping_status":"closed","sticky":false,"template":"","format":"standard","meta":{"footnotes":""},"categories":[82],"tags":[],"class_list":["post-7134","post","type-post","status-publish","format-standard","hentry","category-noticias"],"_links":{"self":[{"href":"https:\/\/bbconsultoria.net\/site\/wp-json\/wp\/v2\/posts\/7134","targetHints":{"allow":["GET"]}}],"collection":[{"href":"https:\/\/bbconsultoria.net\/site\/wp-json\/wp\/v2\/posts"}],"about":[{"href":"https:\/\/bbconsultoria.net\/site\/wp-json\/wp\/v2\/types\/post"}],"author":[{"embeddable":true,"href":"https:\/\/bbconsultoria.net\/site\/wp-json\/wp\/v2\/users\/1"}],"replies":[{"embeddable":true,"href":"https:\/\/bbconsultoria.net\/site\/wp-json\/wp\/v2\/comments?post=7134"}],"version-history":[{"count":1,"href":"https:\/\/bbconsultoria.net\/site\/wp-json\/wp\/v2\/posts\/7134\/revisions"}],"predecessor-version":[{"id":7135,"href":"https:\/\/bbconsultoria.net\/site\/wp-json\/wp\/v2\/posts\/7134\/revisions\/7135"}],"wp:attachment":[{"href":"https:\/\/bbconsultoria.net\/site\/wp-json\/wp\/v2\/media?parent=7134"}],"wp:term":[{"taxonomy":"category","embeddable":true,"href":"https:\/\/bbconsultoria.net\/site\/wp-json\/wp\/v2\/categories?post=7134"},{"taxonomy":"post_tag","embeddable":true,"href":"https:\/\/bbconsultoria.net\/site\/wp-json\/wp\/v2\/tags?post=7134"}],"curies":[{"name":"wp","href":"https:\/\/api.w.org\/{rel}","templated":true}]}}