{"id":7127,"date":"2022-08-23T06:00:44","date_gmt":"2022-08-23T09:00:44","guid":{"rendered":"https:\/\/bbconsultoria.net\/site\/?p=7127"},"modified":"2023-01-03T14:57:39","modified_gmt":"2023-01-03T17:57:39","slug":"eduardo-paes-o-camaleao","status":"publish","type":"post","link":"https:\/\/bbconsultoria.net\/site\/eduardo-paes-o-camaleao\/","title":{"rendered":"Eduardo Paes, o camale\u00e3o"},"content":{"rendered":"<p class=\"texto\">Quem v\u00ea movimentos bruscos e mudan\u00e7as de rota do Eduardo Paes nessa elei\u00e7\u00e3o parece se esquecer de que toda a sua trajet\u00f3ria politica foi marcada pelo descompromisso com qualquer fator ideol\u00f3gico ou qualquer gratid\u00e3o a parceiros do passado.<\/p>\n<p class=\"texto\">Eduardo Paes come\u00e7ou , a sua carreira politica, em1993 com Cesar Maia, at\u00e9 que, em 2004, se desligou do grupo e foi para o PSDB para ter vida pr\u00f3pria. Em 2006, sai candidato a governador, tem uma vota\u00e7\u00e3o p\u00edfia e \u00e9 acolhido por Sergio Cabral no seu governo, com a secretaria de Esporte e Turismo, feita sob medida para depois ser lan\u00e7ado como candidato a prefeito, em 2008.<\/p>\n<p class=\"texto\">Mesmo depois de Sergio Cabral ter, praticamente, colocado Paes sentado no Pal\u00e1cio da Cidade, em 2008, quando o ex-governador caiu em desgra\u00e7a foi esquecido pelo, at\u00e9 ent\u00e3o, amigo de f\u00e9, irm\u00e3o camarada e passa a ser tratado como um estranho, como se a conviv\u00eancia \u00edntima n\u00e3o tivesse existido e como Eduardo Paes disse num debate da campanha eleitoral, os dois tivessem, apenas, rela\u00e7\u00f5es protocolares.<\/p>\n<p class=\"texto\">Agora, no pleito de 2022, como eleitor importante que \u00e9 todo prefeito do Rio de Janeiro, tem feito um verdadeiro teatro das tesouras, ora sinalizando para um lado, ora sinalizando para o outro. At\u00e9 o inicio do ano, apesar de depois ter lan\u00e7ado o ex-presidente da OAB, Felipe Santa Cruz, como candidato a governador, vinha sinalizando apoio \u00e0 reelei\u00e7\u00e3o do governador Cl\u00e1udio Castro, inclusive, cogitando a indica\u00e7\u00e3o do deputado federal e seu fiel escudeiro, Pedro Paulo como vice.<\/p>\n<p class=\"texto\">E mais: ignorou, solenemente, o apoio que Marcelo Freixo deu a ele em 2020, fundamental para derrotar o ex-prefeito Marcelo Crivella, a quem tratava com desd\u00e9m na sua campanha. Bom, depois disso tudo, o que ele fez foi dar mais uma cambalhota, retirou a candidatura de Santa Cruz e o indicou para vice de Rodrigo Neves, o que, at\u00e9 bem pouco tempo, todos achavam improv\u00e1vel.<\/p>\n<p class=\"texto\">Agora, para o Senado , mais uma vez, est\u00e1 virando a casaca. Sinalizou o tempo inteiro que iria apoiar o deputado Andr\u00e9 Ceciliano para a \u00fanica vaga que o estado elege neste pleito. Inclusive, chegou a convidar Ceciliano num outro movimento brusco para que ele viesse para o PSD. Ficaria assim: ele apoiaria o Lula e o Ceciliano seria o seu candidato a governador , tamanha a proximidade que tinha com o presidente da Assembleia Legislativa.<\/p>\n<p class=\"texto\">Agora aparece no palanque do candidato ao Senado, Alessandro Molon, o que, dizem, ja \u00e9 movimento de um acordo feito para evitar que Molon venha candidato a prefeito, em 2024, porque, afinal de contas, a \u00fanica preocupa\u00e7\u00e3o real de Paes \u00e9 com a sua reelei\u00e7\u00e3o em 2024.<\/p>\n<p class=\"texto\">A verdade \u00e9 que o prefeito trabalha em 2022 com olhos em 2024. Todos os movimentos dele norteiam a possibilidade de ter menos concorrentes e ter mais apoios. Ele est\u00e1 cuidando, exclusivamente, para a sua reelei\u00e7\u00e3o, sem nenhum compromisso com ideologia ou gratid\u00e3o politica. Ali\u00e1s, essa \u00e9 marca registrada dele. S\u00f3 se surpreende quem ainda quer se surpreender.<\/p>\n","protected":false},"excerpt":{"rendered":"<p>Quem v\u00ea movimentos bruscos e mudan\u00e7as de rota do Eduardo Paes nessa elei\u00e7\u00e3o parece se esquecer de que toda a sua trajet\u00f3ria politica foi marcada pelo descompromisso com qualquer fator ideol\u00f3gico ou qualquer gratid\u00e3o a parceiros do passado. Eduardo Paes come\u00e7ou , a sua carreira politica, em1993 com Cesar Maia, at\u00e9 que, em 2004, se&#8230; <\/p>\n<div class=\"clear\"><\/div>\n<p><a href=\"https:\/\/bbconsultoria.net\/site\/eduardo-paes-o-camaleao\/\" class=\"excerpt-read-more\">Read More<\/a><\/p>\n","protected":false},"author":1,"featured_media":7128,"comment_status":"closed","ping_status":"closed","sticky":false,"template":"","format":"standard","meta":{"footnotes":""},"categories":[82],"tags":[],"class_list":["post-7127","post","type-post","status-publish","format-standard","has-post-thumbnail","hentry","category-noticias"],"_links":{"self":[{"href":"https:\/\/bbconsultoria.net\/site\/wp-json\/wp\/v2\/posts\/7127","targetHints":{"allow":["GET"]}}],"collection":[{"href":"https:\/\/bbconsultoria.net\/site\/wp-json\/wp\/v2\/posts"}],"about":[{"href":"https:\/\/bbconsultoria.net\/site\/wp-json\/wp\/v2\/types\/post"}],"author":[{"embeddable":true,"href":"https:\/\/bbconsultoria.net\/site\/wp-json\/wp\/v2\/users\/1"}],"replies":[{"embeddable":true,"href":"https:\/\/bbconsultoria.net\/site\/wp-json\/wp\/v2\/comments?post=7127"}],"version-history":[{"count":1,"href":"https:\/\/bbconsultoria.net\/site\/wp-json\/wp\/v2\/posts\/7127\/revisions"}],"predecessor-version":[{"id":7129,"href":"https:\/\/bbconsultoria.net\/site\/wp-json\/wp\/v2\/posts\/7127\/revisions\/7129"}],"wp:featuredmedia":[{"embeddable":true,"href":"https:\/\/bbconsultoria.net\/site\/wp-json\/wp\/v2\/media\/7128"}],"wp:attachment":[{"href":"https:\/\/bbconsultoria.net\/site\/wp-json\/wp\/v2\/media?parent=7127"}],"wp:term":[{"taxonomy":"category","embeddable":true,"href":"https:\/\/bbconsultoria.net\/site\/wp-json\/wp\/v2\/categories?post=7127"},{"taxonomy":"post_tag","embeddable":true,"href":"https:\/\/bbconsultoria.net\/site\/wp-json\/wp\/v2\/tags?post=7127"}],"curies":[{"name":"wp","href":"https:\/\/api.w.org\/{rel}","templated":true}]}}