{"id":7125,"date":"2022-08-16T07:50:48","date_gmt":"2022-08-16T10:50:48","guid":{"rendered":"https:\/\/bbconsultoria.net\/site\/?p=7125"},"modified":"2023-01-03T14:55:39","modified_gmt":"2023-01-03T17:55:39","slug":"vai-comecar-a-campanha-eleitoral","status":"publish","type":"post","link":"https:\/\/bbconsultoria.net\/site\/vai-comecar-a-campanha-eleitoral\/","title":{"rendered":"Vai come\u00e7ar a campanha eleitoral"},"content":{"rendered":"<div dir=\"auto\">Na pr\u00f3xima ter\u00e7a-feira, 16, come\u00e7a a campanha eleitoral para presidente da rep\u00fablica, governador, senador e deputados federal e estadual.<\/div>\n<div dir=\"auto\"><\/div>\n<div dir=\"auto\">Para presidente, acho que ningu\u00e9m tem mais d\u00favida de que a terceira via n\u00e3o passou de uma ilus\u00e3o de parte da imprensa. A elei\u00e7\u00e3o ficar\u00e1 mesmo entre Lula e Bolsonaro e ser\u00e1 disputad\u00edssima. Ao contr\u00e1rio do que alguns que achavam que aconteceria, n\u00e3o vejo possibilidade de vit\u00f3ria \u00a0do \u00a0ex-presidente no primeiro turno.<\/div>\n<div dir=\"auto\"><\/div>\n<div dir=\"auto\">Arrisco-me a dizer que no estado do Rio de Janeiro, pelas \u00faltimas pesquisas e pela curva de crescimento, Bolsonaro sair\u00e1 vitorioso. No Brasil, ganhar\u00e1 a elei\u00e7\u00e3o quem tiver condi\u00e7\u00f5es de fazer a campanha mais competente.<\/div>\n<div dir=\"auto\"><\/div>\n<div dir=\"auto\">Para o governo do estado, por conta de toda a configura\u00e7\u00e3o que se criou, a elei\u00e7\u00e3o tornou o atual governador Cl\u00e1udio Castro um franco favorito \u00e0 reelei\u00e7\u00e3o. \u00c9 o candidato que lidera as pesquisas, possui uma ampla alian\u00e7a, tem a m\u00e1quina na m\u00e3o, maior tempo de televis\u00e3o e seus advers\u00e1rios, pelo que demonstraram no primeiro debate, n\u00e3o conseguiram apresentar nada de muito relevante para mudar esse quadro.<\/div>\n<div dir=\"auto\"><\/div>\n<div dir=\"auto\">A n\u00e3o ser que haja um terremoto de propor\u00e7\u00f5es incalcul\u00e1veis, dificilmente essa elei\u00e7\u00e3o deixar\u00e1 de \u00a0ser vitoriosa para o atual ocupante do Pal\u00e1cio Guanabara.<\/div>\n<div dir=\"auto\"><\/div>\n<div dir=\"auto\">O pleito para o Senado tem tudo para ser mais animado. Temos dois candidatos no campo da esquerda, disputando os votos do Lula: o atual presidente da Assembleia Legislativa, Andr\u00e9 Ceciliano, e o deputado federal Alessandro Molon. O \u00a0primeiro, com o apoio expl\u00edcito do Lula, vai tentar na campanha tirar a vantagem que todas as pesquisas d\u00e3o hoje ao Molon.<\/div>\n<div dir=\"auto\"><\/div>\n<div dir=\"auto\">Tem, ainda, o Cabo Daciolo, que \u00e9 candidato pela coliga\u00e7\u00e3o do PDT, com o apoio do Ciro Gomes. \u00c9 bem prov\u00e1vel que \u00a0o fen\u00f4meno que ele foi na \u00faltima elei\u00e7\u00e3o n\u00e3o se repetir\u00e1. O eleitor dele, que \u00e9 de perfil mais conservador, n\u00e3o se enquadra muito nas pautas defendidas pelos partidos mais \u00e0 esquerda.<\/div>\n<div dir=\"auto\"><\/div>\n<div dir=\"auto\">No campo mais \u00e0 direita, na coliga\u00e7\u00e3o do governador Cl\u00e1udio Castro, temos quatro candidatos ao Senado: o ex-deputado Marcelo Itagiba, o deputado Daniel Silveira, que dificilmente ter\u00e1 o registro de candidatura deferido, ou seja, n\u00e3o conseguir\u00e1 disputar a elei\u00e7\u00e3o.<\/div>\n<div dir=\"auto\"><\/div>\n<div dir=\"auto\">O senador Rom\u00e1rio, que tenta a reelei\u00e7\u00e3o, \u00e9 o candidato mais conhecido de todos e acaba levando uma vantagem na largada. Enquanto a deputada Clarissa Garotinho, que disputa a elei\u00e7\u00e3o pelo Uni\u00e3o Brasil, tem a vantagem de ser a \u00fanica mulher nessa disputa para o Senado.<\/div>\n<div dir=\"auto\"><\/div>\n<div dir=\"auto\">Certamente, ser\u00e1 das tr\u00eas elei\u00e7\u00f5es majorit\u00e1rias, a mais disputada e imagino que quem vencer vai ser por uma margem muito pequena. Em que pese, a campanha come\u00e7a dia 16, a televis\u00e3o s\u00f3 come\u00e7a dia 26 e at\u00e9 l\u00e1 a popula\u00e7\u00e3o ainda n\u00e3o se liga muito no processo eleitoral.<\/div>\n<div dir=\"auto\"><\/div>\n<div dir=\"auto\">S\u00f3 teremos uma vis\u00e3o mais clara para onde ir\u00e1 o processo eleitoral depois de uma semana de televis\u00e3o, ou seja, no in\u00edcio de setembro j\u00e1 vamos ter um panorama se algo que estamos prevendo pode mudar ou n\u00e3o.<\/div>\n","protected":false},"excerpt":{"rendered":"<p>Na pr\u00f3xima ter\u00e7a-feira, 16, come\u00e7a a campanha eleitoral para presidente da rep\u00fablica, governador, senador e deputados federal e estadual. Para presidente, acho que ningu\u00e9m tem mais d\u00favida de que a terceira via n\u00e3o passou de uma ilus\u00e3o de parte da imprensa. A elei\u00e7\u00e3o ficar\u00e1 mesmo entre Lula e Bolsonaro e ser\u00e1 disputad\u00edssima. Ao contr\u00e1rio do&#8230; <\/p>\n<div class=\"clear\"><\/div>\n<p><a href=\"https:\/\/bbconsultoria.net\/site\/vai-comecar-a-campanha-eleitoral\/\" class=\"excerpt-read-more\">Read More<\/a><\/p>\n","protected":false},"author":1,"featured_media":0,"comment_status":"closed","ping_status":"closed","sticky":false,"template":"","format":"standard","meta":{"footnotes":""},"categories":[82],"tags":[],"class_list":["post-7125","post","type-post","status-publish","format-standard","hentry","category-noticias"],"_links":{"self":[{"href":"https:\/\/bbconsultoria.net\/site\/wp-json\/wp\/v2\/posts\/7125","targetHints":{"allow":["GET"]}}],"collection":[{"href":"https:\/\/bbconsultoria.net\/site\/wp-json\/wp\/v2\/posts"}],"about":[{"href":"https:\/\/bbconsultoria.net\/site\/wp-json\/wp\/v2\/types\/post"}],"author":[{"embeddable":true,"href":"https:\/\/bbconsultoria.net\/site\/wp-json\/wp\/v2\/users\/1"}],"replies":[{"embeddable":true,"href":"https:\/\/bbconsultoria.net\/site\/wp-json\/wp\/v2\/comments?post=7125"}],"version-history":[{"count":1,"href":"https:\/\/bbconsultoria.net\/site\/wp-json\/wp\/v2\/posts\/7125\/revisions"}],"predecessor-version":[{"id":7126,"href":"https:\/\/bbconsultoria.net\/site\/wp-json\/wp\/v2\/posts\/7125\/revisions\/7126"}],"wp:attachment":[{"href":"https:\/\/bbconsultoria.net\/site\/wp-json\/wp\/v2\/media?parent=7125"}],"wp:term":[{"taxonomy":"category","embeddable":true,"href":"https:\/\/bbconsultoria.net\/site\/wp-json\/wp\/v2\/categories?post=7125"},{"taxonomy":"post_tag","embeddable":true,"href":"https:\/\/bbconsultoria.net\/site\/wp-json\/wp\/v2\/tags?post=7125"}],"curies":[{"name":"wp","href":"https:\/\/api.w.org\/{rel}","templated":true}]}}