{"id":7113,"date":"2021-08-02T10:31:03","date_gmt":"2021-08-02T13:31:03","guid":{"rendered":"https:\/\/bbconsultoria.net\/site\/?p=7113"},"modified":"2022-07-12T16:40:12","modified_gmt":"2022-07-12T19:40:12","slug":"justica-eleitoral-para-que","status":"publish","type":"post","link":"https:\/\/bbconsultoria.net\/site\/justica-eleitoral-para-que\/","title":{"rendered":"Justi\u00e7a eleitoral para qu\u00ea?"},"content":{"rendered":"<p>Muito vem se falando no fundo eleitoral. Vale lembrar que ele foi criado em 2017, aprovado pelo Congresso Nacional. O total de recursos desse fundo \u00e9 definido pela Lei Or\u00e7ament\u00e1ria Anual (LOA). Com a proibi\u00e7\u00e3o de doa\u00e7\u00f5es de pessoas jur\u00eddicas, estabelecida por decis\u00e3o do STF de 2015, o fundo eleitoral tornou-se uma das principais fontes de receita para a realiza\u00e7\u00e3o das campanhas eleitorais. Gostaria de deixar claro que sou contra dinheiro p\u00fablico em campanha.<\/p>\n<p>Na \u00faltima sexta-feira, o presidente Jair Bolsonaro declarou que ir\u00e1 vetar o aumento do fundo eleitoral que exceda a infla\u00e7\u00e3o calculada a partir de 2018. Com isso, o valor ficaria em torno de R$ 2 bilh\u00f5es, diferente dos R$ 5,7 bilh\u00f5es estipulados pelo Congresso para a elei\u00e7\u00e3o do ano que vem.<\/p>\n<p>Pois bem! Resolvi pesquisar quanto custa a nossa Justi\u00e7a Eleitoral. Afinal ela ser\u00e1 a respons\u00e1vel por fiscalizar a aplica\u00e7\u00e3o destes recursos. Antes, por\u00e9m, cabe dizer que essa parte do judici\u00e1rio \u00e9 uma esp\u00e9cie de jabuticaba: s\u00f3 existe no Brasil. Nenhum pa\u00eds do mundo tem Justi\u00e7a Eleitoral.<\/p>\n<p>Para esta jabuticaba jur\u00eddica, este ano foi destinado no or\u00e7amento da Uni\u00e3o a incr\u00edvel quantia de 9,5 bilh\u00f5es de reais ! Quase o dobro do que se gastar\u00e1 na elei\u00e7\u00e3o ano que vem.<br \/>\nConclus\u00e3o: em tese, para fiscalizar a elei\u00e7\u00e3o do ano que vem, a Justi\u00e7a Eleitoral custaria o dobro do absurdo fundo eleitoral aprovado, sem que sequer tenha elei\u00e7\u00e3o este ano. Ano que vem, pode ser que custe bem mais.<\/p>\n<p>Este ralo de recursos p\u00fablicos, gastos com uma burocracia dispens\u00e1vel \u00e9 que torna o Brasil caro para todos n\u00f3s. Por que a justi\u00e7a comum n\u00e3o trata das elei\u00e7\u00f5es como no mundo inteiro? Pensando nessa possibilidade, outra que poderia ser fundida \u00e9 a Justi\u00e7a do Trabalho. S\u00e3o despesas e mais despesas que se gastam com um judici\u00e1rio que s\u00f3 existe no Brasil. Somadas, este ano a justi\u00e7a eleitoral e a do trabalho custar\u00e3o ao Brasil o incr\u00edvel valor de 30 bilh\u00f5es de reais.<\/p>\n<p>\u00c9 praticamente um Bolsa Fam\u00edlia, que atende em torno de 12 milh\u00f5es de fam\u00edlias no pa\u00eds .<\/p>\n<p>Realmente, assim n\u00e3o h\u00e1 dinheiro que chegue no Brasil.<\/p>\n","protected":false},"excerpt":{"rendered":"<p>Muito vem se falando no fundo eleitoral. Vale lembrar que ele foi criado em 2017, aprovado pelo Congresso Nacional. O total de recursos desse fundo \u00e9 definido pela Lei Or\u00e7ament\u00e1ria Anual (LOA). Com a proibi\u00e7\u00e3o de doa\u00e7\u00f5es de pessoas jur\u00eddicas, estabelecida por decis\u00e3o do STF de 2015, o fundo eleitoral tornou-se uma das principais fontes&#8230; <\/p>\n<div class=\"clear\"><\/div>\n<p><a href=\"https:\/\/bbconsultoria.net\/site\/justica-eleitoral-para-que\/\" class=\"excerpt-read-more\">Read More<\/a><\/p>\n","protected":false},"author":1,"featured_media":7114,"comment_status":"closed","ping_status":"closed","sticky":false,"template":"","format":"standard","meta":{"footnotes":""},"categories":[82],"tags":[],"class_list":["post-7113","post","type-post","status-publish","format-standard","has-post-thumbnail","hentry","category-noticias"],"_links":{"self":[{"href":"https:\/\/bbconsultoria.net\/site\/wp-json\/wp\/v2\/posts\/7113","targetHints":{"allow":["GET"]}}],"collection":[{"href":"https:\/\/bbconsultoria.net\/site\/wp-json\/wp\/v2\/posts"}],"about":[{"href":"https:\/\/bbconsultoria.net\/site\/wp-json\/wp\/v2\/types\/post"}],"author":[{"embeddable":true,"href":"https:\/\/bbconsultoria.net\/site\/wp-json\/wp\/v2\/users\/1"}],"replies":[{"embeddable":true,"href":"https:\/\/bbconsultoria.net\/site\/wp-json\/wp\/v2\/comments?post=7113"}],"version-history":[{"count":1,"href":"https:\/\/bbconsultoria.net\/site\/wp-json\/wp\/v2\/posts\/7113\/revisions"}],"predecessor-version":[{"id":7115,"href":"https:\/\/bbconsultoria.net\/site\/wp-json\/wp\/v2\/posts\/7113\/revisions\/7115"}],"wp:featuredmedia":[{"embeddable":true,"href":"https:\/\/bbconsultoria.net\/site\/wp-json\/wp\/v2\/media\/7114"}],"wp:attachment":[{"href":"https:\/\/bbconsultoria.net\/site\/wp-json\/wp\/v2\/media?parent=7113"}],"wp:term":[{"taxonomy":"category","embeddable":true,"href":"https:\/\/bbconsultoria.net\/site\/wp-json\/wp\/v2\/categories?post=7113"},{"taxonomy":"post_tag","embeddable":true,"href":"https:\/\/bbconsultoria.net\/site\/wp-json\/wp\/v2\/tags?post=7113"}],"curies":[{"name":"wp","href":"https:\/\/api.w.org\/{rel}","templated":true}]}}