{"id":7104,"date":"2022-06-28T10:04:33","date_gmt":"2022-06-28T13:04:33","guid":{"rendered":"https:\/\/bbconsultoria.net\/site\/?p=7104"},"modified":"2022-07-12T16:06:34","modified_gmt":"2022-07-12T19:06:34","slug":"cade-os-pais-dessa-menina","status":"publish","type":"post","link":"https:\/\/bbconsultoria.net\/site\/cade-os-pais-dessa-menina\/","title":{"rendered":"Cad\u00ea os pais dessa menina?"},"content":{"rendered":"<p class=\"reader-text-block__paragraph\">Tivemos essa semana a imprensa noticiando o caso de uma menina de Santa Catarina, de 11 anos, gr\u00e1vida de sete meses, que, supostamente, teria sido estuprada. Pelo menos, foi assim que a imprensa deu o caso, desde a primeira not\u00edcia.<\/p>\n<p class=\"reader-text-block__paragraph\">N\u00e3o quero entrar aqui numa discuss\u00e3o\u00a0filos\u00f3fica sobre fazer aborto ou n\u00e3o. Eu, particularmente, sou contra o aborto, mas minhas considera\u00e7\u00f5es n\u00e3o s\u00e3o sobre isso. Quero entrar na quest\u00e3o da perversidade desse assunto.<\/p>\n<p class=\"reader-text-block__paragraph\">O primeiro ponto a ser considerado \u00e9 a exposi\u00e7\u00e3o de uma menina de 11 anos de idade. Em que pese, o nome dela n\u00e3o ter sido dado, todas as caracter\u00edsticas do caso t\u00eam sido amplamente veiculadas na m\u00eddia e isso acaba expondo essa crian\u00e7a.<\/p>\n<p class=\"reader-text-block__paragraph\">O segundo fato \u00e9 que h\u00e1 not\u00edcias de que essa rela\u00e7\u00e3o foi entre a crian\u00e7a de 11 anos e um menino de 13 e tudo indica que os dois tinham algum tipo de rela\u00e7\u00e3o. H\u00e1 not\u00edcias de que o jovem \u00e9\u00a0lho do padrasto dela e reside na mesma casa em que a menina morava. Diante desses fatos, \u00e9 importante esclarecer que pode n\u00e3o caracterizar propriamente um estupro. Em que pese, seja uma completa aberra\u00e7\u00e3o.<\/p>\n<p class=\"reader-text-block__paragraph\">E o terceiro ponto desse caso nefasto \u00e9 a posi\u00e7\u00e3o dos respons\u00e1veis. Eles n\u00e3o s\u00e3o responsabilizados por uma menina de 11 anos ter rela\u00e7\u00f5es sexuais com um menino de 13? Cad\u00ea os pais para orientar, acompanhar seus\u00a0lhos? E mais: por que demoraram tanto para tomar provid\u00eancia?<\/p>\n<p class=\"reader-text-block__paragraph\">Agora, lan\u00e7o um questionamento: como as pessoas acham normal abortar um beb\u00ea com sete meses de gesta\u00e7\u00e3o? Com sete meses, j\u00e1 est\u00e1 completamente formado. Na pr\u00e1tica, fazer um aborto nessa fase \u00e9 matar uma crian\u00e7a.<\/p>\n<p class=\"reader-text-block__paragraph\">As pessoas que acham isso normal s\u00e3o as mesmas que, por ventura, combatem a pena de morte.<\/p>\n<p class=\"reader-text-block__paragraph\">A menina de 11 anos que engravidou ap\u00f3s ser v\u00edtima de um ainda n\u00e3o confirmado estupro, que estava gr\u00e1vida de sete meses, conseguiu realizar aborto em Santa Catarina por determina\u00e7\u00e3o do Minist\u00e9rio P\u00fablico Federal (MPF), na \u00faltima quarta-feira. Antes, por\u00e9m, a ju\u00edza Joana Ribeiro Zimmer negou o direito ao aborto com o argumento de que o beb\u00ea \u201cera considerado um ser humano\u201d.<\/p>\n<p class=\"reader-text-block__paragraph\">Fica a pergunta: a pena de morte para esse bebe pode?<\/p>\n","protected":false},"excerpt":{"rendered":"<p>Tivemos essa semana a imprensa noticiando o caso de uma menina de Santa Catarina, de 11 anos, gr\u00e1vida de sete meses, que, supostamente, teria sido estuprada. Pelo menos, foi assim que a imprensa deu o caso, desde a primeira not\u00edcia. N\u00e3o quero entrar aqui numa discuss\u00e3o\u00a0filos\u00f3fica sobre fazer aborto ou n\u00e3o. Eu, particularmente, sou contra&#8230; <\/p>\n<div class=\"clear\"><\/div>\n<p><a href=\"https:\/\/bbconsultoria.net\/site\/cade-os-pais-dessa-menina\/\" class=\"excerpt-read-more\">Read More<\/a><\/p>\n","protected":false},"author":1,"featured_media":7105,"comment_status":"closed","ping_status":"closed","sticky":false,"template":"","format":"standard","meta":{"footnotes":""},"categories":[82],"tags":[],"class_list":["post-7104","post","type-post","status-publish","format-standard","has-post-thumbnail","hentry","category-noticias"],"_links":{"self":[{"href":"https:\/\/bbconsultoria.net\/site\/wp-json\/wp\/v2\/posts\/7104","targetHints":{"allow":["GET"]}}],"collection":[{"href":"https:\/\/bbconsultoria.net\/site\/wp-json\/wp\/v2\/posts"}],"about":[{"href":"https:\/\/bbconsultoria.net\/site\/wp-json\/wp\/v2\/types\/post"}],"author":[{"embeddable":true,"href":"https:\/\/bbconsultoria.net\/site\/wp-json\/wp\/v2\/users\/1"}],"replies":[{"embeddable":true,"href":"https:\/\/bbconsultoria.net\/site\/wp-json\/wp\/v2\/comments?post=7104"}],"version-history":[{"count":1,"href":"https:\/\/bbconsultoria.net\/site\/wp-json\/wp\/v2\/posts\/7104\/revisions"}],"predecessor-version":[{"id":7106,"href":"https:\/\/bbconsultoria.net\/site\/wp-json\/wp\/v2\/posts\/7104\/revisions\/7106"}],"wp:featuredmedia":[{"embeddable":true,"href":"https:\/\/bbconsultoria.net\/site\/wp-json\/wp\/v2\/media\/7105"}],"wp:attachment":[{"href":"https:\/\/bbconsultoria.net\/site\/wp-json\/wp\/v2\/media?parent=7104"}],"wp:term":[{"taxonomy":"category","embeddable":true,"href":"https:\/\/bbconsultoria.net\/site\/wp-json\/wp\/v2\/categories?post=7104"},{"taxonomy":"post_tag","embeddable":true,"href":"https:\/\/bbconsultoria.net\/site\/wp-json\/wp\/v2\/tags?post=7104"}],"curies":[{"name":"wp","href":"https:\/\/api.w.org\/{rel}","templated":true}]}}