{"id":7092,"date":"2022-06-06T10:29:21","date_gmt":"2022-06-06T13:29:21","guid":{"rendered":"https:\/\/bbconsultoria.net\/site\/?p=7092"},"modified":"2022-06-21T14:33:14","modified_gmt":"2022-06-21T17:33:14","slug":"a-necessidade-de-resgatar-o-centro","status":"publish","type":"post","link":"https:\/\/bbconsultoria.net\/site\/a-necessidade-de-resgatar-o-centro\/","title":{"rendered":"A necessidade de resgatar o centro"},"content":{"rendered":"<p>Talvez o retrato mais claro do esvaziamento econ\u00f4mico da Cidade Maravilhosa, nos \u00faltimos 40 anos, seja exatamente a situa\u00e7\u00e3o que o Centro da cidade se encontra.<\/p>\n<p>Lembro quando a bolsa do Rio perdeu seu protagonismo para S\u00e3o Paulo e depois foi absorvida pela mesma.<\/p>\n<p>Eu trabalhava no mercado. Vi de perto o Rio perder uma das suas voca\u00e7\u00f5es.\u00a0Resgatar o Centro da cidade \u00e9 muito importante para sinalizar uma virada.<\/p>\n<p>O Porto Maravilha foi uma das iniciativas que gerou muita expectativa. Por\u00e9m, um erro grave foi cometido ali.<\/p>\n<p>Para criar uma valoriza\u00e7\u00e3o artificial dos CPACS(t\u00edtulos emitidos para financiar as obras com dinheiro do FGTS)foi destinada \u00e0 regi\u00e3o uma voca\u00e7\u00e3o comercial, acabando por competir com o Centro antigo.<\/p>\n<p>Ali, a voca\u00e7\u00e3o deveria ser prioritariamente residencial para que a regi\u00e3o fosse povoada.<\/p>\n<p>Um equ\u00edvoco que pode ser revisto.<\/p>\n<p>A forma como se instalou o VLT no Centro, tamb\u00e9m, gerou enorme preju\u00edzo ao com\u00e9rcio de rua, acelerando o fechamento de v\u00e1rias lojas e criando verdadeiros corredores fantasmas.<\/p>\n<p>Logo depois, veio a pandemia, acabando de esvaziar o local.<\/p>\n<p>\u00c9 importante a uni\u00e3o de todos para o resgate. Esse esfor\u00e7o demanda uma mudan\u00e7a de postura do poder p\u00fablico, mas s\u00f3 isso n\u00e3o basta.<\/p>\n<p>Precisamos que as melhores mentes da cidade pensem solu\u00e7\u00f5es de m\u00e9dio e longo prazo.<\/p>\n<p>A convers\u00e3o de im\u00f3veis comerciais em residenciais \u00e9 uma boa medida, mas ainda muito t\u00edmida. Seria importante, al\u00e9m de modificar as duas PPPs que j\u00e1 citei acima (Porto Maravilha e VLT ), um pacote de incentivos para o ressurgimento do com\u00e9rcio de rua do Centro, corredores de seguran\u00e7a, solu\u00e7\u00e3o para a enorme quantidade de pessoas que vivem na rua, que necessitam de articula\u00e7\u00e3o, e se transformarem em pol\u00edtica p\u00fablica permanente.<\/p>\n<p>Enquanto isso, a Barra da Tijuca passou a ter um protagonismo maior na cidade, mas ainda assim, o Centro sempre ter\u00e1 um valor simb\u00f3lico enorme para todos os cariocas .<\/p>\n<p>Vamos resgatar o Centro!<\/p>\n","protected":false},"excerpt":{"rendered":"<p>Talvez o retrato mais claro do esvaziamento econ\u00f4mico da Cidade Maravilhosa, nos \u00faltimos 40 anos, seja exatamente a situa\u00e7\u00e3o que o Centro da cidade se encontra. Lembro quando a bolsa do Rio perdeu seu protagonismo para S\u00e3o Paulo e depois foi absorvida pela mesma. Eu trabalhava no mercado. Vi de perto o Rio perder uma&#8230; <\/p>\n<div class=\"clear\"><\/div>\n<p><a href=\"https:\/\/bbconsultoria.net\/site\/a-necessidade-de-resgatar-o-centro\/\" class=\"excerpt-read-more\">Read More<\/a><\/p>\n","protected":false},"author":1,"featured_media":7084,"comment_status":"closed","ping_status":"closed","sticky":false,"template":"","format":"standard","meta":{"footnotes":""},"categories":[82],"tags":[],"class_list":["post-7092","post","type-post","status-publish","format-standard","has-post-thumbnail","hentry","category-noticias"],"_links":{"self":[{"href":"https:\/\/bbconsultoria.net\/site\/wp-json\/wp\/v2\/posts\/7092","targetHints":{"allow":["GET"]}}],"collection":[{"href":"https:\/\/bbconsultoria.net\/site\/wp-json\/wp\/v2\/posts"}],"about":[{"href":"https:\/\/bbconsultoria.net\/site\/wp-json\/wp\/v2\/types\/post"}],"author":[{"embeddable":true,"href":"https:\/\/bbconsultoria.net\/site\/wp-json\/wp\/v2\/users\/1"}],"replies":[{"embeddable":true,"href":"https:\/\/bbconsultoria.net\/site\/wp-json\/wp\/v2\/comments?post=7092"}],"version-history":[{"count":1,"href":"https:\/\/bbconsultoria.net\/site\/wp-json\/wp\/v2\/posts\/7092\/revisions"}],"predecessor-version":[{"id":7093,"href":"https:\/\/bbconsultoria.net\/site\/wp-json\/wp\/v2\/posts\/7092\/revisions\/7093"}],"wp:featuredmedia":[{"embeddable":true,"href":"https:\/\/bbconsultoria.net\/site\/wp-json\/wp\/v2\/media\/7084"}],"wp:attachment":[{"href":"https:\/\/bbconsultoria.net\/site\/wp-json\/wp\/v2\/media?parent=7092"}],"wp:term":[{"taxonomy":"category","embeddable":true,"href":"https:\/\/bbconsultoria.net\/site\/wp-json\/wp\/v2\/categories?post=7092"},{"taxonomy":"post_tag","embeddable":true,"href":"https:\/\/bbconsultoria.net\/site\/wp-json\/wp\/v2\/tags?post=7092"}],"curies":[{"name":"wp","href":"https:\/\/api.w.org\/{rel}","templated":true}]}}