{"id":7083,"date":"2022-06-14T12:27:38","date_gmt":"2022-06-14T15:27:38","guid":{"rendered":"https:\/\/bbconsultoria.net\/site\/?p=7083"},"modified":"2022-06-14T12:55:36","modified_gmt":"2022-06-14T15:55:36","slug":"a-trajetoria-de-escolhas-erradas-de-sergio-moro","status":"publish","type":"post","link":"https:\/\/bbconsultoria.net\/site\/a-trajetoria-de-escolhas-erradas-de-sergio-moro\/","title":{"rendered":"A trajet\u00f3ria de escolhas erradas de S\u00e9rgio Moro"},"content":{"rendered":"<p class=\"reader-text-block__paragraph\">Se eu estivesse participando de um quiz e uma das quest\u00f5es fosse \u201cdefina S\u00e9rgio Moro em uma palavra\u201d, a resposta viria r\u00e1pido \u00e0 cabe\u00e7a: ex! Ex-juiz, ex-superministro da Justi\u00e7a, ex-presidenci\u00e1vel e ex-candidato a uma vaga no Congresso por S\u00e3o Paulo&#8230; Moro, que chegou a ganhar proje\u00e7\u00e3o dentro e fora do pa\u00eds, no auge da Opera\u00e7\u00e3o Lava Jato, foi citado pela revista Time entre as 100 pessoas mais influentes do mundo, vai ter que se contentar com a disputa ao Senado pelo Paran\u00e1.<\/p>\n<p class=\"reader-text-block__paragraph\">O ent\u00e3o juiz virou sin\u00f4nimo de her\u00f3i nacional, ao julgar processos da Opera\u00e7\u00e3o Lava Jato, quando era titular da 13.a Vara da Justi\u00e7a Federal em Curitiba, entre 2014 e 2018. Foram 140 pessoas condenadas por corrup\u00e7\u00e3o, lavagem de dinheiro, organiza\u00e7\u00e3o criminosa e outros crimes. A caneta de Moro sentenciou doleiros, empreiteiros, empres\u00e1rios, diretores da Petrobras e pol\u00edticos, como o ex-presidente da C\u00e2mara, Eduardo Cunha, e o ex-presidente Lula.<\/p>\n<p class=\"reader-text-block__paragraph\">Deslumbrado com os holofotes que o transformaram em salvador da p\u00e1tria, S\u00e9rgio Moro come\u00e7ou a querer mais e, nesse momento, escolheu ser ex-juiz. Marcaria, ent\u00e3o, o in\u00edcio do seu processo ladeira abaixo. Pediu exonera\u00e7\u00e3o do cargo de juiz federal, abriu m\u00e3o de 22 anos de carreira na magistratura e aceitou o convite para comandar o Minist\u00e9rio da Justi\u00e7a e da Seguran\u00e7a P\u00fablica, logo ap\u00f3s as elei\u00e7\u00f5es de 2018, quando Bolsonaro foi eleito em segundo turno e convidou-o para integrar o governo. Uma indica\u00e7\u00e3o de Moro a uma futura vaga no Supremo Tribunal Federal, tamb\u00e9m, estaria no pacote. E, a partir da\u00ed, come\u00e7aria a nascer o ex-ministro.<\/p>\n<p class=\"reader-text-block__paragraph\">A parceria durou pouco. Moro deixou o governo Bolsonaro em abril de 2020, depois de Bolsonaro exonerar o diretor-geral da Pol\u00edcia Federal e fazer mudan\u00e7as na Receita Federal e no Coaf. O ex-ministro conseguiu at\u00e9 gerar uma crise no governo Bolsonaro, que levou \u00e0 abertura de um inqu\u00e9rito a pedido da Procuradoria-Geral. Cen\u00e1rio ideal para quem tinha pretens\u00f5es politicas ambiciosas, deve ter pensado ele.<\/p>\n<p class=\"reader-text-block__paragraph\">Mas, o papel de her\u00f3i tra\u00eddo n\u00e3o lhe garantiu ser o mocinho da hist\u00f3ria. No primeiro ano como ministro, Moro teve sua imagem impactada negativamente com acusa\u00e7\u00f5es de parcialidade em seus julgamentos como juiz, com vazamento de supostas conversas entre ele o ent\u00e3o coordenador da for\u00e7a-tarefa da Lava Jato, Deltan Dallagnol.<\/p>\n<p class=\"reader-text-block__paragraph\">Ap\u00f3s deixar o governo, Moro foi ser palestrante e, em novembro de 2020, trabalhou por um ano como diretor na consultoria americana Alvarez &amp; Marsal. Essas atividades profissionais levaram o Tribunal de Contas da Uni\u00e3o a apurar suspeita de conflito de interesse e poss\u00edveis irregulares, j\u00e1 que a empresa era a administradora da recupera\u00e7\u00e3o judicial da Odebrecht, desde junho de 2019.<\/p>\n<p class=\"reader-text-block__paragraph\">Mais uma vez, Sergio Moro assumia a posi\u00e7\u00e3o de ex. Agora, o ex-consultor seguia para mais uma empreitada e se filia ao Podemos.<\/p>\n<p class=\"reader-text-block__paragraph\">No partido, planejava se lan\u00e7ar como o nome da terceira via nas elei\u00e7\u00f5es presidenciais, em 2022. Mas, uma semana antes do fim do prazo para trocas partid\u00e1rias, anunciou sua sa\u00edda do Podemos para se filiar ao Uni\u00e3o Brasil, partido que det\u00e9m a maior fatia de recursos do fundo eleitoral, mas onde seu futuro pol\u00edtico era incerto. O ex juiz sofreu resist\u00eancias internas e o partido preteriu a candidatura de Moro \u00e0 presid\u00eancia e resolveu apoiar Luciano Bivar. Surgia a\u00ed o ex-futuro candidato a presidente da Rep\u00fablica.<\/p>\n<p class=\"reader-text-block__paragraph\">Depois de desistir do sonho presidencial, perseguiu uma vaga ao Senado por S\u00e3o Paulo por rejeitar uma vaga pelo Paran\u00e1. Mas, fracassou em tentar mudar seu domicilio eleitoral e o Tribunal Regional Eleitoral \/SP pediu a sua inelegibilidade. Mais um titulo de ex para o curr\u00edculo: ex-candidato ao senado pela maior Metr\u00f3pole do pa\u00eds.<\/p>\n<p class=\"reader-text-block__paragraph\">Como n\u00e3o poder\u00e1 ser candidato a nenhum cargo pelo estado, como estava planejando, o ex-juiz, ex-ministro, ex-consultor, ex-candidato a presid\u00eancia, ex-candidato ao senado por S\u00e3o Paulo, tentar\u00e1 disputar a elei\u00e7\u00e3o pelo Paran\u00e1.<\/p>\n<p class=\"reader-text-block__paragraph\">E, nesse momento, surge mais uma pergunta no quiz: \u201cresponda com uma \u00fanica palavra o que levou S\u00e9rgio Moro a tamanha derrocada\u201d?<\/p>\n<p class=\"reader-text-block__paragraph\">Vaidade \u00e9 a resposta correta.<\/p>\n","protected":false},"excerpt":{"rendered":"<p>Se eu estivesse participando de um quiz e uma das quest\u00f5es fosse \u201cdefina S\u00e9rgio Moro em uma palavra\u201d, a resposta viria r\u00e1pido \u00e0 cabe\u00e7a: ex! Ex-juiz, ex-superministro da Justi\u00e7a, ex-presidenci\u00e1vel e ex-candidato a uma vaga no Congresso por S\u00e3o Paulo&#8230; Moro, que chegou a ganhar proje\u00e7\u00e3o dentro e fora do pa\u00eds, no auge da Opera\u00e7\u00e3o&#8230; <\/p>\n<div class=\"clear\"><\/div>\n<p><a href=\"https:\/\/bbconsultoria.net\/site\/a-trajetoria-de-escolhas-erradas-de-sergio-moro\/\" class=\"excerpt-read-more\">Read More<\/a><\/p>\n","protected":false},"author":1,"featured_media":7085,"comment_status":"closed","ping_status":"closed","sticky":false,"template":"","format":"standard","meta":{"footnotes":""},"categories":[82],"tags":[],"class_list":["post-7083","post","type-post","status-publish","format-standard","has-post-thumbnail","hentry","category-noticias"],"_links":{"self":[{"href":"https:\/\/bbconsultoria.net\/site\/wp-json\/wp\/v2\/posts\/7083","targetHints":{"allow":["GET"]}}],"collection":[{"href":"https:\/\/bbconsultoria.net\/site\/wp-json\/wp\/v2\/posts"}],"about":[{"href":"https:\/\/bbconsultoria.net\/site\/wp-json\/wp\/v2\/types\/post"}],"author":[{"embeddable":true,"href":"https:\/\/bbconsultoria.net\/site\/wp-json\/wp\/v2\/users\/1"}],"replies":[{"embeddable":true,"href":"https:\/\/bbconsultoria.net\/site\/wp-json\/wp\/v2\/comments?post=7083"}],"version-history":[{"count":1,"href":"https:\/\/bbconsultoria.net\/site\/wp-json\/wp\/v2\/posts\/7083\/revisions"}],"predecessor-version":[{"id":7086,"href":"https:\/\/bbconsultoria.net\/site\/wp-json\/wp\/v2\/posts\/7083\/revisions\/7086"}],"wp:featuredmedia":[{"embeddable":true,"href":"https:\/\/bbconsultoria.net\/site\/wp-json\/wp\/v2\/media\/7085"}],"wp:attachment":[{"href":"https:\/\/bbconsultoria.net\/site\/wp-json\/wp\/v2\/media?parent=7083"}],"wp:term":[{"taxonomy":"category","embeddable":true,"href":"https:\/\/bbconsultoria.net\/site\/wp-json\/wp\/v2\/categories?post=7083"},{"taxonomy":"post_tag","embeddable":true,"href":"https:\/\/bbconsultoria.net\/site\/wp-json\/wp\/v2\/tags?post=7083"}],"curies":[{"name":"wp","href":"https:\/\/api.w.org\/{rel}","templated":true}]}}