{"id":7074,"date":"2022-05-09T10:43:57","date_gmt":"2022-05-09T13:43:57","guid":{"rendered":"https:\/\/bbconsultoria.net\/site\/?p=7074"},"modified":"2022-05-09T13:44:57","modified_gmt":"2022-05-09T16:44:57","slug":"a-competencia-sumiu","status":"publish","type":"post","link":"https:\/\/bbconsultoria.net\/site\/a-competencia-sumiu\/","title":{"rendered":"A Compet\u00eancia Sumiu!"},"content":{"rendered":"<p class=\"reader-text-block__paragraph\">Ainda em 2008, quando integrava o n\u00facleo da campanha do ent\u00e3o candidato Eduardo Paes, pensava de forma entusiasmada o quanto seria importante algu\u00e9m da minha gera\u00e7\u00e3o assumir a prefeitura e resgatar a cidade do Rio que, com pequenos espasmos de melhora, vinha e franca decad\u00eancia h\u00e1 d\u00e9cadas.<\/p>\n<p class=\"reader-text-block__paragraph\">J\u00e1 no in\u00edcio de 2009 come\u00e7amos um processo de ordenamento da cidade, com a rec\u00e9m criada secretaria de Ordem P\u00fablica, na \u00e9poca comandada por mim, tomando medidas duras, mas necess\u00e1rias naquele momento.<\/p>\n<p class=\"reader-text-block__paragraph\">Logo depois, o Rio ganharia o direito de sediar as Olimp\u00edadas de 2016. Parecia ser o mo mento perfeito para dar a grande virada.<\/p>\n<p class=\"reader-text-block__paragraph\">Todos os cariocas se encheram de esperan\u00e7a com a possibilidade de somar esfor\u00e7os, por conta das Olimp\u00edadas, resolver problemas cr\u00f4nicos, como mobilidade , seguran\u00e7a, polui\u00e7\u00e3o das lagoas e da Ba\u00eda de Guanabara , dentre tantos outros.<\/p>\n<p class=\"reader-text-block__paragraph\">Fomos enganados! Faltou dinheiro? N\u00e3o! A n\u00fameros corrigidos a valores de hoje, nas duas primeiras gest\u00f5es de Paes tiveram em torno de 60 bilh\u00f5es de reais, entre recursos p\u00fablicos e privados. Quase tr\u00eas vezes o arrecadado com a concess\u00e3o do saneamento do estado.<\/p>\n<p class=\"reader-text-block__paragraph\">Ent\u00e3o, por que este volume de recurso n\u00e3o se traduziu na melhoria da qualidade de vida do carioca?<\/p>\n<p class=\"reader-text-block__paragraph\">Decis\u00f5es erradas, obras mal feitas e mal planejadas, como a do BRT, al\u00e9m da corrup\u00e7\u00e3o, que drenou recursos que nunca foram investidos.<\/p>\n<p class=\"reader-text-block__paragraph\">Vejamos dois exemplos de PPP (parceria p\u00fablico privada), que consumiram muitos recursos sem o objetivo esperado. O Porto Maravilha, que iria transformar o Centro, \u00e9 quase um deserto, uma d\u00e9cada depois do in\u00edcio . A decis\u00e3o foi errada. Ao inv\u00e9s de priorizar moradia e ocupar o Centro, o prefeito, para inchar os t\u00edtulos que foram vendidos para o fundo do FGTS, preferiu priorizar a constru\u00e7\u00e3o de unidades comerciais . Hoje, estes t\u00edtulos (CPA-CS) est\u00e3o encalhados no fundo do trabalhador e o Porto com baix\u00edssima ocupa\u00e7\u00e3o.<\/p>\n<p class=\"reader-text-block__paragraph\">Para n\u00e3o falar da PPP do VLT, que virou um exemplo de como n\u00e3o se fazer uma PPP. O munic\u00edpio garantiu aos concession\u00e1rios, dentre tantos privil\u00e9gios, uma demanda m\u00ednima de mais de 200 mil passageiros. Hoje, n\u00e3o usam este meio de transporte nem 50 mil pessoas. Significa que em algum momento esta conta chegar\u00e1 aos cariocas para ser paga. Sem contar o preju\u00edzo que foi dado ao com\u00e9rcio do Centro, causando um enorme esvaziamento.<\/p>\n<p class=\"reader-text-block__paragraph\">E as obras? O BRT, al\u00e9m de mal planejado e mal dimensionado, as obras foram de p\u00e9ssima qualidade, inclusive figurando em v\u00e1rias dela\u00e7\u00f5es e acordos de leni\u00eancia.<\/p>\n<p class=\"reader-text-block__paragraph\">Sem contar a ciclovia que desabou, com v\u00edtimas fatais, dentre tantas outras obras que, em pouco tempo, j\u00e1 mereciam reparos e conserva\u00e7\u00e3o.<\/p>\n<p class=\"reader-text-block__paragraph\">Hoje, o atual prefeito, eleito para um terceiro mandato, sob a promessa que faria a cidade voltar a ser bem cuidada, e que resolveria todos os problemas pendentes, decorridos quase metade do seu tempo, parece estar em um labirinto administrativo sem sa\u00edda .<\/p>\n<p class=\"reader-text-block__paragraph\">O BRT, cuja a obra, a concep\u00e7\u00e3o e seus concession\u00e1rios foram escolhidos na primeira gest\u00e3o dele, ap\u00f3s um ano de interven\u00e7\u00e3o no sistema e a cria\u00e7\u00e3o de uma empresa p\u00fablica para gerir o modal, j\u00e1 gastou mais de 100 milh\u00f5es. E o transporte s\u00f3 piorou, com cenas bizarras que s\u00e3o vistas pelos cariocas no dia a dia.<\/p>\n<p class=\"reader-text-block__paragraph\">A conserva\u00e7\u00e3o da cidade agoniza. A desordem urbana, com milhares de pessoas montando acampamento nas ruas, \u00e9 algo nunca visto na hist\u00f3ria do Rio.<\/p>\n<p class=\"reader-text-block__paragraph\">A Sa\u00fade, t\u00e3o criticada por ele na gest\u00e3o passada, conseguiu a proeza de atender no ano passado em rela\u00e7\u00e3o a 2020, menos 30% de hipertensos, menos 20% de diab\u00e9ticos, al\u00e9m do aumento de \u00f3bitos em praticamente todos os quesitos que consultei, inclusive por COVID, sendo que este ano t\u00ednhamos vacina e equipamentos.<\/p>\n<p class=\"reader-text-block__paragraph\">Ali\u00e1s a \u00fanica coisa que esta gest\u00e3o fez ao logo deste per\u00edodo, foi trocar as lumin\u00e1rias por LED, uma PPP feita na gest\u00e3o anterior , que o atual gestor apelidou de \u201c luz maravilha \u201c, para tentar esconder o real \u201c pai da crian\u00e7a\u201d.<\/p>\n<p class=\"reader-text-block__paragraph\">Me parece que sem os recursos extraordin\u00e1rios, que nenhum outro prefeito teve na hist\u00f3ria da cidade, o atual gestor, j\u00e1 quase no meio do seu mandato , n\u00e3o sabe muito bem o que fazer e parece mais interessado em exercer o cargo de presidente de partido (PSD) do que ser o mandat\u00e1rio da cidade do Rio.<\/p>\n<p class=\"reader-text-block__paragraph\">Ao que tudo indica, n\u00f3s cariocas iremos agonizar mais dois anos. A COMPET\u00caNCIA SUMIU!<\/p>\n","protected":false},"excerpt":{"rendered":"<p>Ainda em 2008, quando integrava o n\u00facleo da campanha do ent\u00e3o candidato Eduardo Paes, pensava de forma entusiasmada o quanto seria importante algu\u00e9m da minha gera\u00e7\u00e3o assumir a prefeitura e resgatar a cidade do Rio que, com pequenos espasmos de melhora, vinha e franca decad\u00eancia h\u00e1 d\u00e9cadas. J\u00e1 no in\u00edcio de 2009 come\u00e7amos um processo&#8230; <\/p>\n<div class=\"clear\"><\/div>\n<p><a href=\"https:\/\/bbconsultoria.net\/site\/a-competencia-sumiu\/\" class=\"excerpt-read-more\">Read More<\/a><\/p>\n","protected":false},"author":1,"featured_media":7066,"comment_status":"closed","ping_status":"closed","sticky":false,"template":"","format":"standard","meta":{"footnotes":""},"categories":[82],"tags":[],"class_list":["post-7074","post","type-post","status-publish","format-standard","has-post-thumbnail","hentry","category-noticias"],"_links":{"self":[{"href":"https:\/\/bbconsultoria.net\/site\/wp-json\/wp\/v2\/posts\/7074","targetHints":{"allow":["GET"]}}],"collection":[{"href":"https:\/\/bbconsultoria.net\/site\/wp-json\/wp\/v2\/posts"}],"about":[{"href":"https:\/\/bbconsultoria.net\/site\/wp-json\/wp\/v2\/types\/post"}],"author":[{"embeddable":true,"href":"https:\/\/bbconsultoria.net\/site\/wp-json\/wp\/v2\/users\/1"}],"replies":[{"embeddable":true,"href":"https:\/\/bbconsultoria.net\/site\/wp-json\/wp\/v2\/comments?post=7074"}],"version-history":[{"count":1,"href":"https:\/\/bbconsultoria.net\/site\/wp-json\/wp\/v2\/posts\/7074\/revisions"}],"predecessor-version":[{"id":7075,"href":"https:\/\/bbconsultoria.net\/site\/wp-json\/wp\/v2\/posts\/7074\/revisions\/7075"}],"wp:featuredmedia":[{"embeddable":true,"href":"https:\/\/bbconsultoria.net\/site\/wp-json\/wp\/v2\/media\/7066"}],"wp:attachment":[{"href":"https:\/\/bbconsultoria.net\/site\/wp-json\/wp\/v2\/media?parent=7074"}],"wp:term":[{"taxonomy":"category","embeddable":true,"href":"https:\/\/bbconsultoria.net\/site\/wp-json\/wp\/v2\/categories?post=7074"},{"taxonomy":"post_tag","embeddable":true,"href":"https:\/\/bbconsultoria.net\/site\/wp-json\/wp\/v2\/tags?post=7074"}],"curies":[{"name":"wp","href":"https:\/\/api.w.org\/{rel}","templated":true}]}}