{"id":7068,"date":"2022-04-12T11:44:52","date_gmt":"2022-04-12T14:44:52","guid":{"rendered":"https:\/\/bbconsultoria.net\/site\/?p=7068"},"modified":"2022-04-12T11:44:52","modified_gmt":"2022-04-12T14:44:52","slug":"o-povo-nao-e-bobo","status":"publish","type":"post","link":"https:\/\/bbconsultoria.net\/site\/o-povo-nao-e-bobo\/","title":{"rendered":"O povo n\u00e3o \u00e9 bobo"},"content":{"rendered":"<p>Todo poder emana do povo.<\/p>\n<p>A ideia rege a nossa Constitui\u00e7\u00e3o e a jovem democracia tupiniquim. Os pilares que d\u00e3o\u00a0base a nossa estrutura de Estado\u00a0s\u00e3o os tr\u00eas poderes: Executivo,\u00a0Legislativo e Judici\u00e1rio. A inten\u00e7\u00e3o \u00e9 que eles sejam harm\u00f4nicos e independentes, muito\u00a0embora na pr\u00e1tica n\u00e3o seja bem\u00a0assim. Toda essa engrenagem\u00a0seria \u201cfiscalizada\u201d pela imprensa, que acabou sendo al\u00e7ada ao\u00a0t\u00edtulo de \u201cQuarto Poder\u201d. Mas\u00a0o tempo passa, o tempo voa&#8230;\u00a0e hoje em dia a fragilidade da\u00a0m\u00eddia \u00e9 evidente. Voc\u00eas j\u00e1 repararam que tanto Lula quanto\u00a0Bolsonaro est\u00e3o ignorando solenemente os jornalistas?<\/p>\n<p>Pois bem, essa importante\u00a0profiss\u00e3o precisa respeitar seis\u00a0princ\u00edpios: inten\u00e7\u00e3o de verdade, fidelidade aos fatos, isen\u00e7\u00e3o,\u00a0direitos humanos, objetividade\u00a0e relev\u00e2ncia. Vamos combinar?<br \/>\nIsso se perdeu faz tempo. O que\u00a0se v\u00ea nos notici\u00e1rios s\u00e3o jogos\u00a0de narrativa. Pior, n\u00e3o s\u00e3o poucos os casos em que a imprensa\u00a0\u00e9 instrumento de persegui\u00e7\u00e3o\u00a0pol\u00edtica. O que fica ainda mais\u00a0s\u00e9rio quando a not\u00edcia direcionada parte diretamente de um\u00a0dos tr\u00eas poderes institu\u00eddos.<\/p>\n<p>A\u00ed o que se percebe \u00e9 um\u00a0modus operandi para manchar\u00a0reputa\u00e7\u00f5es. Vazamento seletivo, \u201clinchamento\u201d p\u00fablico,\u00a0condu\u00e7\u00e3o de opini\u00e3o&#8230; por vezes ainda n\u00e3o existe nem uma\u00a0den\u00fancia formalizada, mas os\u00a0\u201cinimigos da vez\u201d ser\u00e3o culpados no tribunal do espet\u00e1culo\u00a0midi\u00e1tico.<\/p>\n<p>Como disse no in\u00edcio, nossa\u00a0democracia \u00e9 recente. Ainda estamos engatinhando no que diz\u00a0respeito aos limites do Poder. E\u00a0sem a \u201cfiscaliza\u00e7\u00e3o\u201d e a imparcialidade da imprensa a estrutura democr\u00e1tica fica em perigo. \u00c9 urgente que as reda\u00e7\u00f5es\u00a0revejam suas linhas editoriais\u00a0e voltem a ocupar o importante papel que t\u00eam na sociedade.\u00a0Deixem a pol\u00edtica para os pol\u00edticos, a Justi\u00e7a para os ju\u00edzes&#8230;e sobretudo lembrem-se que\u00a0o verdadeiro poder emana do\u00a0povo. E o povo n\u00e3o \u00e9 bobo.<\/p>\n<p>&nbsp;<\/p>\n<p>Por: Rodrigo Bethlem, ex-deputado federal e consultor pol\u00edtico<\/p>\n<p>Fonte: Jornal Correio da Manh\u00e3<\/p>\n","protected":false},"excerpt":{"rendered":"<p>Todo poder emana do povo. A ideia rege a nossa Constitui\u00e7\u00e3o e a jovem democracia tupiniquim. Os pilares que d\u00e3o\u00a0base a nossa estrutura de Estado\u00a0s\u00e3o os tr\u00eas poderes: Executivo,\u00a0Legislativo e Judici\u00e1rio. A inten\u00e7\u00e3o \u00e9 que eles sejam harm\u00f4nicos e independentes, muito\u00a0embora na pr\u00e1tica n\u00e3o seja bem\u00a0assim. Toda essa engrenagem\u00a0seria \u201cfiscalizada\u201d pela imprensa, que acabou sendo&#8230; <\/p>\n<div class=\"clear\"><\/div>\n<p><a href=\"https:\/\/bbconsultoria.net\/site\/o-povo-nao-e-bobo\/\" class=\"excerpt-read-more\">Read More<\/a><\/p>\n","protected":false},"author":1,"featured_media":0,"comment_status":"closed","ping_status":"closed","sticky":false,"template":"","format":"standard","meta":{"footnotes":""},"categories":[82],"tags":[],"class_list":["post-7068","post","type-post","status-publish","format-standard","hentry","category-noticias"],"_links":{"self":[{"href":"https:\/\/bbconsultoria.net\/site\/wp-json\/wp\/v2\/posts\/7068","targetHints":{"allow":["GET"]}}],"collection":[{"href":"https:\/\/bbconsultoria.net\/site\/wp-json\/wp\/v2\/posts"}],"about":[{"href":"https:\/\/bbconsultoria.net\/site\/wp-json\/wp\/v2\/types\/post"}],"author":[{"embeddable":true,"href":"https:\/\/bbconsultoria.net\/site\/wp-json\/wp\/v2\/users\/1"}],"replies":[{"embeddable":true,"href":"https:\/\/bbconsultoria.net\/site\/wp-json\/wp\/v2\/comments?post=7068"}],"version-history":[{"count":1,"href":"https:\/\/bbconsultoria.net\/site\/wp-json\/wp\/v2\/posts\/7068\/revisions"}],"predecessor-version":[{"id":7069,"href":"https:\/\/bbconsultoria.net\/site\/wp-json\/wp\/v2\/posts\/7068\/revisions\/7069"}],"wp:attachment":[{"href":"https:\/\/bbconsultoria.net\/site\/wp-json\/wp\/v2\/media?parent=7068"}],"wp:term":[{"taxonomy":"category","embeddable":true,"href":"https:\/\/bbconsultoria.net\/site\/wp-json\/wp\/v2\/categories?post=7068"},{"taxonomy":"post_tag","embeddable":true,"href":"https:\/\/bbconsultoria.net\/site\/wp-json\/wp\/v2\/tags?post=7068"}],"curies":[{"name":"wp","href":"https:\/\/api.w.org\/{rel}","templated":true}]}}