{"id":7065,"date":"2022-03-28T12:36:35","date_gmt":"2022-03-28T15:36:35","guid":{"rendered":"https:\/\/bbconsultoria.net\/site\/?p=7065"},"modified":"2022-03-29T17:43:58","modified_gmt":"2022-03-29T20:43:58","slug":"o-fantasma-do-terceiro-mandato","status":"publish","type":"post","link":"https:\/\/bbconsultoria.net\/site\/o-fantasma-do-terceiro-mandato\/","title":{"rendered":"O Fantasma do terceiro mandato"},"content":{"rendered":"<p>Desde que come\u00e7amos a votar para prefeito, dois nomes conseguiram a fa\u00e7anha de governar por tr\u00eas vezes o Rio. C\u00e9sar Maia e Eduardo Paes. Este \u00faltimo cria do primeiro. C\u00e9sar Maia fez um primeiro mandato exemplar, a ponto de eleger um urbanista desconhecido (Conde), e formar uma nova gera\u00e7\u00e3o de pol\u00edticos, como \u00cdndio da Costa, Eduardo Paes, Luiz Ant\u00f4nio Guaran\u00e1, entre outros, inclusive eu mesmo.<\/p>\n<p>No seu segundo mandato, em que voltou porque foi derrotado pelo Garotinho nas elei\u00e7\u00f5es estaduais, j\u00e1 se via um C\u00e9sar Maia diferente. Naquela gest\u00e3o conseguiu trazer para o Rio os jogos Pan-Americanos, e com isso foi reeleito para sua terceira temporada \u00e0 frente da prefeitura. Acabou mal avaliado, com a sua candidata \u00e0 sucess\u00e3o nos \u00faltimos lugares em 2008.<\/p>\n<p>Agora, Eduardo Paes est\u00e1 no segundo ano do terceiro mandato. Foi eleito em fun\u00e7\u00e3o da mem\u00f3ria que a popula\u00e7\u00e3o tinha dos seus dois governos anteriores, onde em fun\u00e7\u00e3o da Copa do Mundo e dos Jogos Ol\u00edmpicos, a cidade recebeu uma ordem de recursos jamais vista na hist\u00f3ria. Atualizando os valores, estima-se que mais R$ 60 bilh\u00f5es foram investidos no munic\u00edpio entre recursos p\u00fablicos e privados. Para se ter uma ideia isso \u00e9 o dobro do que arrecada a prefeitura por ano, para dar conta de todos os seus compromissos financeiros, sendo mais ou menos a metade gasto s\u00f3 com pagamento de pessoal.<\/p>\n<p>Passado o tempo das \u201cvacas gordas\u201d, hoje h\u00e1 uma certa frustra\u00e7\u00e3o do carioca com o outrora \u201ccompetente prefeito\u201d que fazia obras em todos os lugares. A cidade est\u00e1 com claros sinais de abandono, transporte colapsado, apesar de uma interven\u00e7\u00e3o da prefeitura que j\u00e1 consumiu mais de R$ 100 milh\u00f5es dos contribuintes. As unidades de Sa\u00fade est\u00e3o quase todas com falta de m\u00e9dicos e enfermeiros. Verdadeiros her\u00f3is que trabalham sem os insumos necess\u00e1rios. A realidade d\u00e1 um retrato inverso da expectativa do carioca. Parece que o atual prefeito se empolga mais com o posto de presidente do PSD, do que o de prefeito do Rio. Assim como C\u00e9sar Maia, n\u00e3o estava em seus planos governar a cidade de novo. N\u00e3o fosse derrotado para o governo do estado, n\u00e3o seria prefeito hoje.<\/p>\n<p>O fato \u00e9 que at\u00e9 agora ele s\u00f3 tentou consertar (sem sucesso) as obras mal feitas dos primeiros mandatos (BRT e ciclovia por exemplo). Nada de novo tem surgido no horizonte para os cariocas, vindo desta atual administra\u00e7\u00e3o de Eduardo Paes. \u00c9 o fantasma do terceiro mandato assombrando novamente os cariocas.<\/p>\n<p>&nbsp;<\/p>\n<p>Por Rodrigo Bethlem, <em>Ex-deputado e consultor pol\u00edtico<\/em><\/p>\n","protected":false},"excerpt":{"rendered":"<p>Desde que come\u00e7amos a votar para prefeito, dois nomes conseguiram a fa\u00e7anha de governar por tr\u00eas vezes o Rio. C\u00e9sar Maia e Eduardo Paes. Este \u00faltimo cria do primeiro. C\u00e9sar Maia fez um primeiro mandato exemplar, a ponto de eleger um urbanista desconhecido (Conde), e formar uma nova gera\u00e7\u00e3o de pol\u00edticos, como \u00cdndio da Costa,&#8230; <\/p>\n<div class=\"clear\"><\/div>\n<p><a href=\"https:\/\/bbconsultoria.net\/site\/o-fantasma-do-terceiro-mandato\/\" class=\"excerpt-read-more\">Read More<\/a><\/p>\n","protected":false},"author":1,"featured_media":7066,"comment_status":"closed","ping_status":"closed","sticky":false,"template":"","format":"standard","meta":{"footnotes":""},"categories":[82],"tags":[],"class_list":["post-7065","post","type-post","status-publish","format-standard","has-post-thumbnail","hentry","category-noticias"],"_links":{"self":[{"href":"https:\/\/bbconsultoria.net\/site\/wp-json\/wp\/v2\/posts\/7065","targetHints":{"allow":["GET"]}}],"collection":[{"href":"https:\/\/bbconsultoria.net\/site\/wp-json\/wp\/v2\/posts"}],"about":[{"href":"https:\/\/bbconsultoria.net\/site\/wp-json\/wp\/v2\/types\/post"}],"author":[{"embeddable":true,"href":"https:\/\/bbconsultoria.net\/site\/wp-json\/wp\/v2\/users\/1"}],"replies":[{"embeddable":true,"href":"https:\/\/bbconsultoria.net\/site\/wp-json\/wp\/v2\/comments?post=7065"}],"version-history":[{"count":1,"href":"https:\/\/bbconsultoria.net\/site\/wp-json\/wp\/v2\/posts\/7065\/revisions"}],"predecessor-version":[{"id":7067,"href":"https:\/\/bbconsultoria.net\/site\/wp-json\/wp\/v2\/posts\/7065\/revisions\/7067"}],"wp:featuredmedia":[{"embeddable":true,"href":"https:\/\/bbconsultoria.net\/site\/wp-json\/wp\/v2\/media\/7066"}],"wp:attachment":[{"href":"https:\/\/bbconsultoria.net\/site\/wp-json\/wp\/v2\/media?parent=7065"}],"wp:term":[{"taxonomy":"category","embeddable":true,"href":"https:\/\/bbconsultoria.net\/site\/wp-json\/wp\/v2\/categories?post=7065"},{"taxonomy":"post_tag","embeddable":true,"href":"https:\/\/bbconsultoria.net\/site\/wp-json\/wp\/v2\/tags?post=7065"}],"curies":[{"name":"wp","href":"https:\/\/api.w.org\/{rel}","templated":true}]}}