{"id":7050,"date":"2022-02-21T11:17:34","date_gmt":"2022-02-21T14:17:34","guid":{"rendered":"https:\/\/bbconsultoria.net\/site\/?p=7050"},"modified":"2022-02-21T11:30:58","modified_gmt":"2022-02-21T14:30:58","slug":"qual-e-o-plano-de-governo","status":"publish","type":"post","link":"https:\/\/bbconsultoria.net\/site\/qual-e-o-plano-de-governo\/","title":{"rendered":"Qual \u00e9 o plano de Governo?"},"content":{"rendered":"<div id=\":3zs\" class=\"Ar Au Ao\">\n<div id=\":3zw\" class=\"Am Al editable LW-avf tS-tW tS-tY\" tabindex=\"1\" role=\"textbox\" contenteditable=\"true\" spellcheck=\"false\" aria-label=\"Corpo da mensagem\" aria-multiline=\"true\">\n<p>\u201c\u00c9 pau, \u00e9 pedra, \u00e9 o fim do caminho&#8230; \u00e9 a morte&#8230; \u00e9 o carro engui\u00e7ado, \u00e9 a lama, \u00e9 a lama\u201d. Qualquer\u00a0semelhan\u00e7a com a realidade n\u00e3o \u00e9\u00a0mera coincid\u00eancia quando comparamos o cen\u00e1rio descrito por Tom\u00a0Jobim na m\u00fasica \u00c1guas de Mar\u00e7o\u00a0com a trag\u00e9dia de Petr\u00f3polis. A\u00a0can\u00e7\u00e3o foi escrita em 1972 e exp\u00f5e\u00a0um fato: desde sempre \u00e9 assim.\u00a0Fui secret\u00e1rio de Ordem P\u00fablica e\u00a0acompanhei de perto situa\u00e7\u00f5es de\u00a0emerg\u00eancia. Vamos ao roteiro do\u00a0\u00f3bvio&#8230;<\/p>\n<p>Todo ano tem ver\u00e3o. Todo ver\u00e3o tem chuva forte. Chuvas fortes\u00a0castigam as cidades. Nas primeiras\u00a024 horas, a imprensa vai se encarregar de expor o imbr\u00f3glio: de quem \u00e9\u00a0a responsabilidade? Ou, melhor, de\u00a0quem \u00e9 a culpa? As mat\u00e9rias iniciais\u00a0v\u00e3o al\u00e7ar o Corpo de Bombeiros\u00a0ao lugar dos her\u00f3is. Nas cenas dos\u00a0pr\u00f3ximos cap\u00edtulos, o governador e\u00a0o prefeito ter\u00e3o que explicar o porqu\u00ea de terem investido menos que o\u00a0previsto na preven\u00e7\u00e3o de acidentes.\u00a0Isso \u00e9 de praxe.<\/p>\n<p>Nesse caso em espec\u00edfico, o belo\u00a0trabalho do Corpo de Bombeiros\u00a0permitiu o resgate de 24 pessoas\u00a0com vida. Alguns dos salvamentos foram transmitidos ao vivo pela TV. A\u00a0audi\u00eancia disparou. E a comentarista da GloboNews mostrou que\u00a0n\u00e3o assiste o pr\u00f3prio canal: cobrou\u00a0a presen\u00e7a do Governador Cl\u00e1udio\u00a0Castro no local. Acontece que ele j\u00e1\u00a0estava l\u00e1 desde o primeiro momento. Sujo de lama, visivelmente cansado, explicou que o estado estava\u00a0praticamente falido quando assumiu e que precisou fazer escolhas\u00a0com o pouco or\u00e7amento que tinha.\u00a0Convenceu quando mostrou que\u00a0essa foi a maior chuva da hist\u00f3ria na\u00a0Cidade Imperial e que estava fazendo tudo que era poss\u00edvel.<\/p>\n<p>Passado o impacto das primeiras 24 horas&#8230; a trag\u00e9dia vai ganhar\u00a0contornos pol\u00edticos. Vejam voc\u00eas\u00a0que o prefeito Rubens Bomtempo\u00a0recebeu at\u00e9 a visita do candidato\u00a0Marcelo Freixo. A imprensa chegou\u00a0a inventar que o Corpo de Bombeiros n\u00e3o tinha sequer equipamentos\u00a0para trabalhar. O que foi devidamente desmentido pelo secret\u00e1rio\u00a0da pasta, Coronel Leandro Monteiro. Outra maluquice que saiu\u00a0na m\u00eddia foi que morreram mais\u00a0mulheres do que homens. Ser\u00e1 que\u00a0a inten\u00e7\u00e3o era acusar S\u00e3o Pedro de\u00a0machismo? Enfim &#8230;<\/p>\n<p>Bem, a trag\u00e9dia de Petr\u00f3polis\u00a0n\u00e3o foi a primeira e, certamente,\u00a0n\u00e3o ser\u00e1 a \u00faltima. Ela revelou que\u00a0estamos cada vez mais vulner\u00e1veis\u00a0em rela\u00e7\u00e3o \u00e0 &#8220;imprevisibilidade da\u00a0previs\u00e3o do tempo\u201d. Mas do ponto de vista da narrativa pol\u00edtica&#8230;\u00a0mostrou um governo estadual mais\u00a0maduro, que ainda n\u00e3o teve a oportunidade de desenvolver projetos,\u00a0mas que tem coragem de dar a cara\u00a0a tapa. As elei\u00e7\u00f5es est\u00e3o no retrovisor. Chegou a hora de acrescentar\u00a0um plano de governo nesse roteiro.\u00a0E a\u00ed, parafraseando o maestro Tom\u00a0Jobim, apresentar \u201cpromessa de vida\u00a0pro seu cora\u00e7\u00e3o\u201d.<\/p>\n<p>&nbsp;<\/p>\n<p>Por: Rodrigo Bethlem, Ex deputado e Consultor Pol\u00edtico<\/p>\n<\/div>\n<\/div>\n","protected":false},"excerpt":{"rendered":"<p>\u201c\u00c9 pau, \u00e9 pedra, \u00e9 o fim do caminho&#8230; \u00e9 a morte&#8230; \u00e9 o carro engui\u00e7ado, \u00e9 a lama, \u00e9 a lama\u201d. Qualquer\u00a0semelhan\u00e7a com a realidade n\u00e3o \u00e9\u00a0mera coincid\u00eancia quando comparamos o cen\u00e1rio descrito por Tom\u00a0Jobim na m\u00fasica \u00c1guas de Mar\u00e7o\u00a0com a trag\u00e9dia de Petr\u00f3polis. A\u00a0can\u00e7\u00e3o foi escrita em 1972 e exp\u00f5e\u00a0um fato: desde sempre&#8230; <\/p>\n<div class=\"clear\"><\/div>\n<p><a href=\"https:\/\/bbconsultoria.net\/site\/qual-e-o-plano-de-governo\/\" class=\"excerpt-read-more\">Read More<\/a><\/p>\n","protected":false},"author":1,"featured_media":7051,"comment_status":"closed","ping_status":"closed","sticky":false,"template":"","format":"standard","meta":{"footnotes":""},"categories":[82],"tags":[284,285,286,283,282,88,281],"class_list":["post-7050","post","type-post","status-publish","format-standard","has-post-thumbnail","hentry","category-noticias","tag-charlatismo","tag-governo-do-estado-do-rio-de-janerio","tag-govrj","tag-oportunismo","tag-petropolis","tag-rio-de-janeiro","tag-tragedia-petropolis"],"_links":{"self":[{"href":"https:\/\/bbconsultoria.net\/site\/wp-json\/wp\/v2\/posts\/7050","targetHints":{"allow":["GET"]}}],"collection":[{"href":"https:\/\/bbconsultoria.net\/site\/wp-json\/wp\/v2\/posts"}],"about":[{"href":"https:\/\/bbconsultoria.net\/site\/wp-json\/wp\/v2\/types\/post"}],"author":[{"embeddable":true,"href":"https:\/\/bbconsultoria.net\/site\/wp-json\/wp\/v2\/users\/1"}],"replies":[{"embeddable":true,"href":"https:\/\/bbconsultoria.net\/site\/wp-json\/wp\/v2\/comments?post=7050"}],"version-history":[{"count":3,"href":"https:\/\/bbconsultoria.net\/site\/wp-json\/wp\/v2\/posts\/7050\/revisions"}],"predecessor-version":[{"id":7054,"href":"https:\/\/bbconsultoria.net\/site\/wp-json\/wp\/v2\/posts\/7050\/revisions\/7054"}],"wp:featuredmedia":[{"embeddable":true,"href":"https:\/\/bbconsultoria.net\/site\/wp-json\/wp\/v2\/media\/7051"}],"wp:attachment":[{"href":"https:\/\/bbconsultoria.net\/site\/wp-json\/wp\/v2\/media?parent=7050"}],"wp:term":[{"taxonomy":"category","embeddable":true,"href":"https:\/\/bbconsultoria.net\/site\/wp-json\/wp\/v2\/categories?post=7050"},{"taxonomy":"post_tag","embeddable":true,"href":"https:\/\/bbconsultoria.net\/site\/wp-json\/wp\/v2\/tags?post=7050"}],"curies":[{"name":"wp","href":"https:\/\/api.w.org\/{rel}","templated":true}]}}