{"id":7035,"date":"2022-01-31T14:23:20","date_gmt":"2022-01-31T17:23:20","guid":{"rendered":"https:\/\/bbconsultoria.net\/site\/?p=7035"},"modified":"2022-01-31T14:23:21","modified_gmt":"2022-01-31T17:23:21","slug":"e-como-sera-2023","status":"publish","type":"post","link":"https:\/\/bbconsultoria.net\/site\/e-como-sera-2023\/","title":{"rendered":"E como ser\u00e1 2023?"},"content":{"rendered":"\n<p>Fico me perguntando se depois da elei\u00e7\u00e3o este clima acirrado de esgar\u00e7amento das institui\u00e7\u00f5es e conflito entre poderes ir\u00e1 arrefecer.<\/p>\n\n\n\n<p>Seja o Lula o vencedor ou seja Bolsonaro, me parece pouco prov\u00e1vel que as coisas caminhem para a normalidade.<\/p>\n\n\n\n<p>Existe uma radicaliza\u00e7\u00e3o e desarmonia entre os poderes, que n\u00e3o vejo solu\u00e7\u00e3o a curto prazo.<\/p>\n\n\n\n<p>Um dos principais pontos ser\u00e1 o judici\u00e1rio (leia-se STF) voltar a ter um papel mais discreto e se ater a guardi\u00e3o da Constitui\u00e7\u00e3o .<\/p>\n\n\n\n<p>Para frear Bolsonaro, o STF foi demandado para todo o tipo de assunto . Virou uma esp\u00e9cie de poder acima dos poderes.<\/p>\n\n\n\n<p>Desequilibrou a harmonia entre os mesmos. Ao que tudo indica, gostaram do protagonismo.<\/p>\n\n\n\n<p>Ser\u00e1 que com uma eventual vit\u00f3ria do Lula abrir\u00e3o m\u00e3o de serem o \u201cpoder moderador&#8221;?<\/p>\n\n\n\n<p>Eu busco sempre a defesa de teses e evito fulanizar as discuss\u00f5es. Mas no Brasil de hoje o mensageiro ficou mais importante que a mensagem.<\/p>\n\n\n\n<p>Vejam se tem cabimento um ministro do supremo impor que o presidente da Rep\u00fablica v\u00e1 depor pessoalmente sobre um inqu\u00e9rito de um poss\u00edvel vazamento de informa\u00e7\u00f5es que estava em sigilo de Justi\u00e7a.<\/p>\n\n\n\n<p>Ah, mas \u00e9 o Bolsonaro! N\u00e3o meus amigos! \u00c9 o presidente da Rep\u00fablica, goste voc\u00ea ou n\u00e3o!<\/p>\n\n\n\n<p>O mensageiro se tornou mais importante que a mensagem no Brasil. Seria diferente com o Lula? Custo a crer.<\/p>\n\n\n\n<p>Para qualquer democracia funcionar com o m\u00ednimo de normalidade, a harmonia entre poderes \u00e9 um princ\u00edpio inequ\u00edvoco. A interfer\u00eancia e o constrangimento a membros de outros poderes n\u00e3o ir\u00e3o contribuir em nada para esta normalidade.<\/p>\n\n\n\n<p>O STF tem grandes quadros e \u00e9 neste momento que o pa\u00eds mais precisa da sabedoria e do bom senso deles.<\/p>\n","protected":false},"excerpt":{"rendered":"<p>Fico me perguntando se depois da elei\u00e7\u00e3o este clima acirrado de esgar\u00e7amento das institui\u00e7\u00f5es e conflito entre poderes ir\u00e1 arrefecer. Seja o Lula o vencedor ou seja Bolsonaro, me parece pouco prov\u00e1vel que as coisas caminhem para a normalidade. Existe uma radicaliza\u00e7\u00e3o e desarmonia entre os poderes, que n\u00e3o vejo solu\u00e7\u00e3o a curto prazo. Um&#8230; <\/p>\n<div class=\"clear\"><\/div>\n<p><a href=\"https:\/\/bbconsultoria.net\/site\/e-como-sera-2023\/\" class=\"excerpt-read-more\">Read More<\/a><\/p>\n","protected":false},"author":1,"featured_media":7036,"comment_status":"closed","ping_status":"closed","sticky":false,"template":"","format":"standard","meta":{"footnotes":""},"categories":[82],"tags":[],"class_list":["post-7035","post","type-post","status-publish","format-standard","has-post-thumbnail","hentry","category-noticias"],"_links":{"self":[{"href":"https:\/\/bbconsultoria.net\/site\/wp-json\/wp\/v2\/posts\/7035","targetHints":{"allow":["GET"]}}],"collection":[{"href":"https:\/\/bbconsultoria.net\/site\/wp-json\/wp\/v2\/posts"}],"about":[{"href":"https:\/\/bbconsultoria.net\/site\/wp-json\/wp\/v2\/types\/post"}],"author":[{"embeddable":true,"href":"https:\/\/bbconsultoria.net\/site\/wp-json\/wp\/v2\/users\/1"}],"replies":[{"embeddable":true,"href":"https:\/\/bbconsultoria.net\/site\/wp-json\/wp\/v2\/comments?post=7035"}],"version-history":[{"count":1,"href":"https:\/\/bbconsultoria.net\/site\/wp-json\/wp\/v2\/posts\/7035\/revisions"}],"predecessor-version":[{"id":7037,"href":"https:\/\/bbconsultoria.net\/site\/wp-json\/wp\/v2\/posts\/7035\/revisions\/7037"}],"wp:featuredmedia":[{"embeddable":true,"href":"https:\/\/bbconsultoria.net\/site\/wp-json\/wp\/v2\/media\/7036"}],"wp:attachment":[{"href":"https:\/\/bbconsultoria.net\/site\/wp-json\/wp\/v2\/media?parent=7035"}],"wp:term":[{"taxonomy":"category","embeddable":true,"href":"https:\/\/bbconsultoria.net\/site\/wp-json\/wp\/v2\/categories?post=7035"},{"taxonomy":"post_tag","embeddable":true,"href":"https:\/\/bbconsultoria.net\/site\/wp-json\/wp\/v2\/tags?post=7035"}],"curies":[{"name":"wp","href":"https:\/\/api.w.org\/{rel}","templated":true}]}}