{"id":7031,"date":"2022-01-24T07:22:00","date_gmt":"2022-01-24T10:22:00","guid":{"rendered":"https:\/\/bbconsultoria.net\/site\/?p=7031"},"modified":"2022-01-25T10:26:25","modified_gmt":"2022-01-25T13:26:25","slug":"o-que-podemos-aprender-com-os-erros-da-upp","status":"publish","type":"post","link":"https:\/\/bbconsultoria.net\/site\/o-que-podemos-aprender-com-os-erros-da-upp\/","title":{"rendered":"O que podemos aprender com os erros da UPP?"},"content":{"rendered":"\n<p>O governo do estado lan\u00e7a o programa Cidade Integrada visando recuperar territ\u00f3rios que h\u00e1 muito tempo est\u00e3o fora da cidade formal, onde a lei que impera \u00e9 a da quadrilha da vez.<\/p>\n\n\n\n<p>Ao longo de seis meses, foram estudados os erros do passado para que nesta nova tentativa n\u00e3o haja a decep\u00e7\u00e3o que todos tiveram com as Unidades de Pol\u00edcia Pacificadora.<\/p>\n\n\n\n<p>Acompanhei o projeto da UPP de perto. Quando come\u00e7ou eu era secret\u00e1rio de Ordem P\u00fablica.<\/p>\n\n\n\n<p>N\u00e3o considero que o maior problema para n\u00e3o ter dado certo foi a falta de programas sociais, como alguns alardearam.<\/p>\n\n\n\n<p>O primeiro grande erro foi ser um programa da Pol\u00edcia Militar e n\u00e3o do governo. Faltou transversalidade. Capit\u00e3o da PM era quem autorizava evento na comunidade.<\/p>\n\n\n\n<p>Este ordenamento deveria ter sido entregue ao munic\u00edpio.<\/p>\n\n\n\n<p>O segundo grande erro foi a Secretaria de Seguran\u00e7a admitir que bandidos pudessem continuar a vender drogas, desde que n\u00e3o estivessem armados.<\/p>\n\n\n\n<p>Lembro da frase cl\u00e1ssica que era dita \u00e0 \u00e9poca:\u201cdroga se vende na Viera Souto e em v\u00e1rios endere\u00e7os chiques\u201d.<\/p>\n\n\n\n<p>\u00c9 verdade que isto ocorre, mas a Seguran\u00e7a P\u00fablica nunca poderia tolerar que bandidos continuassem a agir na comunidade.<\/p>\n\n\n\n<p>Na \u00e9poca, a Pol\u00edcia Civil n\u00e3o foi chamada para que uma ampla investiga\u00e7\u00e3o fosse feita, os bandidos presos e as fontes de recurso asfixiadas.<\/p>\n\n\n\n<p>Outro grande equ\u00edvoco foi o r\u00e1pido crescimento do projeto, sem que houvessem os recursos necess\u00e1rios para mant\u00ea-lo a longo prazo.<\/p>\n\n\n\n<p>A sociedade vai precisar entender que a retomada destes territ\u00f3rios ir\u00e1 demorar d\u00e9cadas. Afinal, est\u00e3o sendo ocupadas por muito tempo, por estas quadrilhas.<\/p>\n\n\n\n<p>N\u00e3o ser\u00e1 em quatro anos que tudo estar\u00e1 resolvido.<\/p>\n\n\n\n<p>Mais um equ\u00edvoco das UPPs foi a falta de investimentos do estado em programas sociais e de urbaniza\u00e7\u00e3o.<\/p>\n\n\n\n<p>Mas como j\u00e1 disse, n\u00e3o foi s\u00f3 isso.<\/p>\n\n\n\n<p>Me parece que o governador Claudio Castro est\u00e1 atento a estes equ\u00edvocos do passado. O importante agora \u00e9 calibrar as expectativas da popula\u00e7\u00e3o do Rio.<\/p>\n\n\n\n<p>Se for para recuperar uma grande comunidade por ano, fazendo todas as a\u00e7\u00f5es necess\u00e1rias, que assim seja.<\/p>\n\n\n\n<p>Existe uma cultura do ilegal e do informal que ir\u00e1 demorar um tempo para mudar.<\/p>\n\n\n\n<p>Senti isto na pele quando implantei o \u201c Choque de Ordem\u201d, na cidade do Rio.<\/p>\n\n\n\n<p>S\u00f3 com muito planejamento e persist\u00eancia conseguiremos retomar estes territ\u00f3rios.<\/p>\n\n\n\n<p>Estamos na torcida para que d\u00ea certo. S\u00f3 assim salvaremos o Rio.<\/p>\n\n\n\n<p><\/p>\n\n\n\n<p>Via: <a href=\"https:\/\/www.jornalcorreiodamanha.com.br\/opiniao\/11509-o-que-podemos-aprender-com-os-erros-da-upp\" data-type=\"URL\" data-id=\"https:\/\/www.jornalcorreiodamanha.com.br\/opiniao\/11509-o-que-podemos-aprender-com-os-erros-da-upp\">Jornal Correio da Manh\u00e3 &#8211; Coluna Jornalista Cl\u00e1udio Magnavita<\/a><\/p>\n","protected":false},"excerpt":{"rendered":"<p>O governo do estado lan\u00e7a o programa Cidade Integrada visando recuperar territ\u00f3rios que h\u00e1 muito tempo est\u00e3o fora da cidade formal, onde a lei que impera \u00e9 a da quadrilha da vez. Ao longo de seis meses, foram estudados os erros do passado para que nesta nova tentativa n\u00e3o haja a decep\u00e7\u00e3o que todos tiveram&#8230; <\/p>\n<div class=\"clear\"><\/div>\n<p><a href=\"https:\/\/bbconsultoria.net\/site\/o-que-podemos-aprender-com-os-erros-da-upp\/\" class=\"excerpt-read-more\">Read More<\/a><\/p>\n","protected":false},"author":1,"featured_media":7032,"comment_status":"closed","ping_status":"closed","sticky":false,"template":"","format":"standard","meta":{"footnotes":""},"categories":[82],"tags":[273,97,275,100,277,278,103,279,276,84,274,272],"class_list":["post-7031","post","type-post","status-publish","format-standard","has-post-thumbnail","hentry","category-noticias","tag-cidade-integrada","tag-claudio-castro","tag-errejota","tag-governo-do-estado-do-rio-de-janeiro","tag-jacarezinho","tag-muzema","tag-prefeito-do-rio-de-janeiro","tag-programa-social-rio-de-janeiro","tag-rj","tag-rodrigo-bethlem","tag-seguranca-publica-rio-de-janeiro","tag-upp"],"_links":{"self":[{"href":"https:\/\/bbconsultoria.net\/site\/wp-json\/wp\/v2\/posts\/7031","targetHints":{"allow":["GET"]}}],"collection":[{"href":"https:\/\/bbconsultoria.net\/site\/wp-json\/wp\/v2\/posts"}],"about":[{"href":"https:\/\/bbconsultoria.net\/site\/wp-json\/wp\/v2\/types\/post"}],"author":[{"embeddable":true,"href":"https:\/\/bbconsultoria.net\/site\/wp-json\/wp\/v2\/users\/1"}],"replies":[{"embeddable":true,"href":"https:\/\/bbconsultoria.net\/site\/wp-json\/wp\/v2\/comments?post=7031"}],"version-history":[{"count":1,"href":"https:\/\/bbconsultoria.net\/site\/wp-json\/wp\/v2\/posts\/7031\/revisions"}],"predecessor-version":[{"id":7033,"href":"https:\/\/bbconsultoria.net\/site\/wp-json\/wp\/v2\/posts\/7031\/revisions\/7033"}],"wp:featuredmedia":[{"embeddable":true,"href":"https:\/\/bbconsultoria.net\/site\/wp-json\/wp\/v2\/media\/7032"}],"wp:attachment":[{"href":"https:\/\/bbconsultoria.net\/site\/wp-json\/wp\/v2\/media?parent=7031"}],"wp:term":[{"taxonomy":"category","embeddable":true,"href":"https:\/\/bbconsultoria.net\/site\/wp-json\/wp\/v2\/categories?post=7031"},{"taxonomy":"post_tag","embeddable":true,"href":"https:\/\/bbconsultoria.net\/site\/wp-json\/wp\/v2\/tags?post=7031"}],"curies":[{"name":"wp","href":"https:\/\/api.w.org\/{rel}","templated":true}]}}