{"id":7026,"date":"2022-01-17T11:56:47","date_gmt":"2022-01-17T14:56:47","guid":{"rendered":"https:\/\/bbconsultoria.net\/site\/?p=7026"},"modified":"2022-01-17T11:56:49","modified_gmt":"2022-01-17T14:56:49","slug":"a-judicializacao-da-politica-tem-que-parar","status":"publish","type":"post","link":"https:\/\/bbconsultoria.net\/site\/a-judicializacao-da-politica-tem-que-parar\/","title":{"rendered":"A judicializa\u00e7\u00e3o da Pol\u00edtica tem que parar"},"content":{"rendered":"\n<p>N\u00e3o s\u00e3o poucos os exemplos que temos de decis\u00f5es judiciais que se sobrep\u00f5em \u00e0 vontade popular, expressada atrav\u00e9s do voto.<\/p>\n\n\n\n<p>Em uma democracia, a vontade popular tem que ser soberana, salvo uma flagrante inconstitucionalidade.<\/p>\n\n\n\n<p>Vou pegar dois casos para servir de exemplo.<\/p>\n\n\n\n<p>Na elei\u00e7\u00e3o municipal da cidade imperial de Petr\u00f3polis, tivemos o candidato vitorioso, Rubens Bomtempo, impedido de tomar posse por conta de um processo judicial de improbidade.<\/p>\n\n\n\n<p>Consequ\u00eancia disso foi a cidade ficar um ano com um prefeito provis\u00f3rio. O resultado foi o prefeito eleito, que tomou posse h\u00e1 dois meses, ter seu mandato encurtado para tr\u00eas anos.<\/p>\n\n\n\n<p>Fica o questionamento: se ele n\u00e3o poderia tomar posse, por que deixaram se candidatar?<\/p>\n\n\n\n<p>Por que um deputado estadual, que est\u00e1 no exerc\u00edcio do mandato, n\u00e3o pode tomar posse como prefeito?<\/p>\n\n\n\n<p>Este \u00e9 um caso cl\u00e1ssico da a\u00e7\u00e3o delet\u00e9ria da justi\u00e7a na pol\u00edtica e no exerc\u00edcio democr\u00e1tico.<\/p>\n\n\n\n<p>Outro exemplo que cairia bem aqui \u00e9 a quantidade de vezes que o STF \u00e9 acionado para interferir em outros poderes, principalmente por parlamentares, sendo alguns de partidos de baix\u00edssima representatividade eleitoral.<\/p>\n\n\n\n<p>Caso cl\u00e1ssico \u00e9 o do senador Randolfe Rodrigues do partido REDE, que hoje foi reduzido a uma cadeira no Senado e um deputado no Congresso Nacional.<\/p>\n\n\n\n<p>Semana sim e a outra tamb\u00e9m, este partido, quase insignificante, est\u00e1 no STF pedindo a inger\u00eancia do mesmo em assuntos do Congresso e em atos do Poder Executivo.<\/p>\n\n\n\n<p>Ser\u00e1 que existem tantas demandas assim? Cabe a um partido sem representatividade pedir a outro Poder para barrar uma nomea\u00e7\u00e3o que preenche os requisitos e que \u00e9 ato discricion\u00e1rio de um presidente democraticamente eleito, como j\u00e1 foram feitas algumas vezes nesta legislatura?<\/p>\n\n\n\n<p>Esta judicializa\u00e7\u00e3o demasiada desequilibra a democracia e tira o peso da escolha popular.<\/p>\n\n\n\n<p>Seria importante que todos os poderes compreendessem a import\u00e2ncia do equil\u00edbrio e da harmonia no sentido pleno.<\/p>\n","protected":false},"excerpt":{"rendered":"<p>N\u00e3o s\u00e3o poucos os exemplos que temos de decis\u00f5es judiciais que se sobrep\u00f5em \u00e0 vontade popular, expressada atrav\u00e9s do voto. Em uma democracia, a vontade popular tem que ser soberana, salvo uma flagrante inconstitucionalidade. Vou pegar dois casos para servir de exemplo. Na elei\u00e7\u00e3o municipal da cidade imperial de Petr\u00f3polis, tivemos o candidato vitorioso, Rubens&#8230; <\/p>\n<div class=\"clear\"><\/div>\n<p><a href=\"https:\/\/bbconsultoria.net\/site\/a-judicializacao-da-politica-tem-que-parar\/\" class=\"excerpt-read-more\">Read More<\/a><\/p>\n","protected":false},"author":1,"featured_media":7027,"comment_status":"closed","ping_status":"closed","sticky":false,"template":"","format":"standard","meta":{"footnotes":""},"categories":[82],"tags":[271,269,266,268,267,270,84,109],"class_list":["post-7026","post","type-post","status-publish","format-standard","has-post-thumbnail","hentry","category-noticias","tag-congresso-nacional","tag-democracia","tag-judicializacao-da-politica","tag-justica-politica","tag-ministros-do-stf","tag-poder-executivo","tag-rodrigo-bethlem","tag-stf"],"_links":{"self":[{"href":"https:\/\/bbconsultoria.net\/site\/wp-json\/wp\/v2\/posts\/7026","targetHints":{"allow":["GET"]}}],"collection":[{"href":"https:\/\/bbconsultoria.net\/site\/wp-json\/wp\/v2\/posts"}],"about":[{"href":"https:\/\/bbconsultoria.net\/site\/wp-json\/wp\/v2\/types\/post"}],"author":[{"embeddable":true,"href":"https:\/\/bbconsultoria.net\/site\/wp-json\/wp\/v2\/users\/1"}],"replies":[{"embeddable":true,"href":"https:\/\/bbconsultoria.net\/site\/wp-json\/wp\/v2\/comments?post=7026"}],"version-history":[{"count":1,"href":"https:\/\/bbconsultoria.net\/site\/wp-json\/wp\/v2\/posts\/7026\/revisions"}],"predecessor-version":[{"id":7028,"href":"https:\/\/bbconsultoria.net\/site\/wp-json\/wp\/v2\/posts\/7026\/revisions\/7028"}],"wp:featuredmedia":[{"embeddable":true,"href":"https:\/\/bbconsultoria.net\/site\/wp-json\/wp\/v2\/media\/7027"}],"wp:attachment":[{"href":"https:\/\/bbconsultoria.net\/site\/wp-json\/wp\/v2\/media?parent=7026"}],"wp:term":[{"taxonomy":"category","embeddable":true,"href":"https:\/\/bbconsultoria.net\/site\/wp-json\/wp\/v2\/categories?post=7026"},{"taxonomy":"post_tag","embeddable":true,"href":"https:\/\/bbconsultoria.net\/site\/wp-json\/wp\/v2\/tags?post=7026"}],"curies":[{"name":"wp","href":"https:\/\/api.w.org\/{rel}","templated":true}]}}