{"id":7023,"date":"2022-01-10T08:22:00","date_gmt":"2022-01-10T11:22:00","guid":{"rendered":"https:\/\/bbconsultoria.net\/site\/?p=7023"},"modified":"2022-01-11T16:08:07","modified_gmt":"2022-01-11T19:08:07","slug":"quem-tem-ministros-como-os-de-bolsonaro-nao-precisa-de-inimigos","status":"publish","type":"post","link":"https:\/\/bbconsultoria.net\/site\/quem-tem-ministros-como-os-de-bolsonaro-nao-precisa-de-inimigos\/","title":{"rendered":"Quem tem ministros como os de Bolsonaro n\u00e3o precisa de inimigos"},"content":{"rendered":"\n<p>Impressionante como alguns ministros do presidente Bolsonaro tomam atitudes inexplic\u00e1veis do ponto de vista pol\u00edtico que n\u00e3o ajudam a melhorar a imagem do governo, em pleno processo de reelei\u00e7\u00e3o.<\/p>\n\n\n\n<p>Vamos come\u00e7ar falando do ministro da Economia, Paulo Guedes. Carioca, deveria ser o primeiro a querer ajudar o Rio de Janeiro, que tamb\u00e9m \u00e9 a terra natal do presidente. Mas, o que se v\u00ea, at\u00e9 agora, \u00e9 uma profunda m\u00e1 vontade do seu minist\u00e9rio para a assinatura no novo acordo de Recupera\u00e7\u00e3o Fiscal.<\/p>\n\n\n\n<p>Isso, mesmo depois de todos os sacrif\u00edcios e a exitosa concess\u00e3o do saneamento. Algo inexplic\u00e1vel. V\u00e3o argumentar com nuances t\u00e9cnicas que deveriam ficar em segundo plano, at\u00e9 porque a d\u00edvida do estado \u00e9 impag\u00e1vel como est\u00e1 . E eles sabem disso.<\/p>\n\n\n\n<p>Outro ministro, carioca tamb\u00e9m, por incr\u00edvel que pare\u00e7a, \u00e9 o da Infraestrutura, Tarc\u00edsio Freitas . Apesar da un\u00e2nime opini\u00e3o do setor produtivo do Rio, contr\u00e1ria \u00e0 desastrosa concess\u00e3o do aeroporto Santos Dumont, que ir\u00e1 esvaziar ainda mais, o j\u00e1 esvaziado Gale\u00e3o, ele insiste com o modelo proposto, conseguindo uma unanimidade contr\u00e1ria ao governo neste tema e gerando enorme desgaste ao presidente.<\/p>\n\n\n\n<p>Nos termos que est\u00e1, a concess\u00e3o permitir\u00e1 a amplia\u00e7\u00e3o dos terminais do Santos Dumont, que tem localiza\u00e7\u00e3o privilegiada. O local tamb\u00e9m poderia operar de madrugada e com avi\u00f5es maiores, mesmo com pistas menores. Esses investimentos, certamente, v\u00e3o inviabilizar a opera\u00e7\u00e3o do aeroporto internacional do Gale\u00e3o como &#8220;hub&#8221; internacional, para a log\u00edstica de cargas no estado e como gerador de 17 mil empregos diretos e indiretos. Ser\u00e1 uma &#8220;concorr\u00eancia predat\u00f3ria&#8221; entre os dois aeroportos da cidade.<\/p>\n\n\n\n<p>Para piorar, nenhuma grande obra est\u00e1 em curso na pasta de infraestrutura no estado. A subida para Petr\u00f3polis (BR040) \u00e9 um exemplo da falta de prioridade do ministro. Pagamos ped\u00e1gio para uma via inacabada, em p\u00e9ssimo estado de conserva\u00e7\u00e3o. Sei que n\u00e3o \u00e9 um assunto simples. Mas l\u00e1 se v\u00e3o tr\u00eas anos para soluciona- lo.<\/p>\n\n\n\n<p>Fa\u00e7o essas constata\u00e7\u00f5es com muita tristeza. Minha torcida \u00e9 para que estas e outras quest\u00f5es se ajustem e o Rio de Janeiro possa seguir um caminho virtuoso.<\/p>\n","protected":false},"excerpt":{"rendered":"<p>Impressionante como alguns ministros do presidente Bolsonaro tomam atitudes inexplic\u00e1veis do ponto de vista pol\u00edtico que n\u00e3o ajudam a melhorar a imagem do governo, em pleno processo de reelei\u00e7\u00e3o. Vamos come\u00e7ar falando do ministro da Economia, Paulo Guedes. Carioca, deveria ser o primeiro a querer ajudar o Rio de Janeiro, que tamb\u00e9m \u00e9 a terra&#8230; <\/p>\n<div class=\"clear\"><\/div>\n<p><a href=\"https:\/\/bbconsultoria.net\/site\/quem-tem-ministros-como-os-de-bolsonaro-nao-precisa-de-inimigos\/\" class=\"excerpt-read-more\">Read More<\/a><\/p>\n","protected":false},"author":1,"featured_media":7024,"comment_status":"closed","ping_status":"closed","sticky":false,"template":"","format":"standard","meta":{"footnotes":""},"categories":[82],"tags":[263,264,265,125],"class_list":["post-7023","post","type-post","status-publish","format-standard","has-post-thumbnail","hentry","category-noticias","tag-ministros-bolsonaro","tag-politica-brasil","tag-politica-nacional","tag-presidente-bolsonaro"],"_links":{"self":[{"href":"https:\/\/bbconsultoria.net\/site\/wp-json\/wp\/v2\/posts\/7023","targetHints":{"allow":["GET"]}}],"collection":[{"href":"https:\/\/bbconsultoria.net\/site\/wp-json\/wp\/v2\/posts"}],"about":[{"href":"https:\/\/bbconsultoria.net\/site\/wp-json\/wp\/v2\/types\/post"}],"author":[{"embeddable":true,"href":"https:\/\/bbconsultoria.net\/site\/wp-json\/wp\/v2\/users\/1"}],"replies":[{"embeddable":true,"href":"https:\/\/bbconsultoria.net\/site\/wp-json\/wp\/v2\/comments?post=7023"}],"version-history":[{"count":1,"href":"https:\/\/bbconsultoria.net\/site\/wp-json\/wp\/v2\/posts\/7023\/revisions"}],"predecessor-version":[{"id":7025,"href":"https:\/\/bbconsultoria.net\/site\/wp-json\/wp\/v2\/posts\/7023\/revisions\/7025"}],"wp:featuredmedia":[{"embeddable":true,"href":"https:\/\/bbconsultoria.net\/site\/wp-json\/wp\/v2\/media\/7024"}],"wp:attachment":[{"href":"https:\/\/bbconsultoria.net\/site\/wp-json\/wp\/v2\/media?parent=7023"}],"wp:term":[{"taxonomy":"category","embeddable":true,"href":"https:\/\/bbconsultoria.net\/site\/wp-json\/wp\/v2\/categories?post=7023"},{"taxonomy":"post_tag","embeddable":true,"href":"https:\/\/bbconsultoria.net\/site\/wp-json\/wp\/v2\/tags?post=7023"}],"curies":[{"name":"wp","href":"https:\/\/api.w.org\/{rel}","templated":true}]}}