{"id":7016,"date":"2021-12-13T14:49:52","date_gmt":"2021-12-13T17:49:52","guid":{"rendered":"https:\/\/bbconsultoria.net\/site\/?p=7016"},"modified":"2021-12-13T14:49:55","modified_gmt":"2021-12-13T17:49:55","slug":"2021-esta-acabando-o-que-esperar-de-2022","status":"publish","type":"post","link":"https:\/\/bbconsultoria.net\/site\/2021-esta-acabando-o-que-esperar-de-2022\/","title":{"rendered":"2021 est\u00e1 acabando. O que esperar de 2022?"},"content":{"rendered":"\n<p>Teremos elei\u00e7\u00f5es nacionais e estaduais em 2022. \u00c9 sobre esta perspectiva que escrevo.<\/p>\n\n\n\n<p>No campo nacional, a polariza\u00e7\u00e3o entre Lula e Bolsonaro, na minha opini\u00e3o, \u00e9 irrevers\u00edvel.<\/p>\n\n\n\n<p>Em que pese, a imprensa fa\u00e7a uma for\u00e7a enorme para tornar S\u00e9rgio Moro vi\u00e1vel, n\u00e3o imagino o ex-juiz passando do patamar que j\u00e1 est\u00e1. <\/p>\n\n\n\n<p>Apanhar\u00e1 de todos os lados, n\u00e3o tem milit\u00e2ncia pol\u00edtica e h\u00e1 uma certa frustra\u00e7\u00e3o, de boa parte da popula\u00e7\u00e3o, de que a Lava Jato pode ter sido s\u00f3 mais um palanque pol\u00edtico.<\/p>\n\n\n\n<p><br>Vejo um favoritismo do candidato Lula, por conta de equ\u00edvocos da \u00e1rea econ\u00f4mica do governo, que est\u00e3o impactando a vida dos mais pobres.<\/p>\n\n\n\n<p>J\u00e1 falei sobre a valoriza\u00e7\u00e3o do d\u00f3lar em artigos anteriores.<br>No final, o que define a elei\u00e7\u00e3o \u00e9 a Economia .<\/p>\n\n\n\n<p>No estado do Rio, pelo candidatos colocados at\u00e9 agora, o favoritismo do governador Cl\u00e1udio Castro \u00e9 claro.<br>Apesar de n\u00e3o liderar nas pesquisas, ele \u00e9 pouco conhecido e o seu governo, ainda, tem muito a entregar.<\/p>\n\n\n\n<p>Existem dois pontos de aten\u00e7\u00e3o a serem observados. O primeiro \u00e9 justamente se o seu governo conseguir\u00e1 fazer as entregas esperadas.<\/p>\n\n\n\n<p>O segundo \u00e9 se a milit\u00e2ncia bolsonarista vai comprar a sua candidatura, sem que isso represente um rompimento com alian\u00e7as mais ao Centro.<\/p>\n\n\n\n<p>O surgimento de uma candidatura \u00e0 direita, que motivasse parte desta milit\u00e2ncia, seria muito ruim neste momento.<\/p>\n\n\n\n<p>Outro ponto importante a ser observado \u00e9 como se portar\u00e1 o prefeito Eduardo Paes. Apesar de ter feito um primeiro ano de governo med\u00edocre, principalmente na \u00e1rea de Transporte e na Sa\u00fade, tem recursos em caixa e ser\u00e1 um eleitor de peso.<\/p>\n\n\n\n<p>J\u00e1 declarou que n\u00e3o subir\u00e1 no mesmo palanque que Bolsonaro. Isso significa que ao lado do governador Cl\u00e1udio Castro n\u00e3o estar\u00e1.<\/p>\n\n\n\n<p>Se apoiar um candidato do palanque do Lula, teremos fortes emo\u00e7\u00f5es.<\/p>\n\n\n\n<p>2022 ser\u00e1 um ano que ningu\u00e9m vai morrer de t\u00e9dio.<\/p>\n","protected":false},"excerpt":{"rendered":"<p>Teremos elei\u00e7\u00f5es nacionais e estaduais em 2022. \u00c9 sobre esta perspectiva que escrevo. No campo nacional, a polariza\u00e7\u00e3o entre Lula e Bolsonaro, na minha opini\u00e3o, \u00e9 irrevers\u00edvel. Em que pese, a imprensa fa\u00e7a uma for\u00e7a enorme para tornar S\u00e9rgio Moro vi\u00e1vel, n\u00e3o imagino o ex-juiz passando do patamar que j\u00e1 est\u00e1. Apanhar\u00e1 de todos os&#8230; <\/p>\n<div class=\"clear\"><\/div>\n<p><a href=\"https:\/\/bbconsultoria.net\/site\/2021-esta-acabando-o-que-esperar-de-2022\/\" class=\"excerpt-read-more\">Read More<\/a><\/p>\n","protected":false},"author":1,"featured_media":7017,"comment_status":"closed","ping_status":"closed","sticky":false,"template":"","format":"standard","meta":{"footnotes":""},"categories":[82],"tags":[258,97,105,256,259,91,257,200,196],"class_list":["post-7016","post","type-post","status-publish","format-standard","has-post-thumbnail","hentry","category-noticias","tag-andre-ceciliano","tag-claudio-castro","tag-eduardo-paes","tag-eleicoes-2022","tag-eleicoes-estaduais-2022","tag-jair-bolsonaro","tag-lula","tag-marcelo-freixo","tag-pesquisa-eleitoral"],"_links":{"self":[{"href":"https:\/\/bbconsultoria.net\/site\/wp-json\/wp\/v2\/posts\/7016","targetHints":{"allow":["GET"]}}],"collection":[{"href":"https:\/\/bbconsultoria.net\/site\/wp-json\/wp\/v2\/posts"}],"about":[{"href":"https:\/\/bbconsultoria.net\/site\/wp-json\/wp\/v2\/types\/post"}],"author":[{"embeddable":true,"href":"https:\/\/bbconsultoria.net\/site\/wp-json\/wp\/v2\/users\/1"}],"replies":[{"embeddable":true,"href":"https:\/\/bbconsultoria.net\/site\/wp-json\/wp\/v2\/comments?post=7016"}],"version-history":[{"count":1,"href":"https:\/\/bbconsultoria.net\/site\/wp-json\/wp\/v2\/posts\/7016\/revisions"}],"predecessor-version":[{"id":7018,"href":"https:\/\/bbconsultoria.net\/site\/wp-json\/wp\/v2\/posts\/7016\/revisions\/7018"}],"wp:featuredmedia":[{"embeddable":true,"href":"https:\/\/bbconsultoria.net\/site\/wp-json\/wp\/v2\/media\/7017"}],"wp:attachment":[{"href":"https:\/\/bbconsultoria.net\/site\/wp-json\/wp\/v2\/media?parent=7016"}],"wp:term":[{"taxonomy":"category","embeddable":true,"href":"https:\/\/bbconsultoria.net\/site\/wp-json\/wp\/v2\/categories?post=7016"},{"taxonomy":"post_tag","embeddable":true,"href":"https:\/\/bbconsultoria.net\/site\/wp-json\/wp\/v2\/tags?post=7016"}],"curies":[{"name":"wp","href":"https:\/\/api.w.org\/{rel}","templated":true}]}}