{"id":7010,"date":"2021-11-22T07:16:00","date_gmt":"2021-11-22T10:16:00","guid":{"rendered":"https:\/\/bbconsultoria.net\/site\/?p=7010"},"modified":"2021-12-13T14:20:55","modified_gmt":"2021-12-13T17:20:55","slug":"o-samba-atravessado-da-covid-19","status":"publish","type":"post","link":"https:\/\/bbconsultoria.net\/site\/o-samba-atravessado-da-covid-19\/","title":{"rendered":"O samba atravessado da Covid-19"},"content":{"rendered":"\n<p>Estou longe de ser um alarmista. Desde o in\u00edcio da pandemia, falei muito contra esses seguidos lockdowns e fechamentos do com\u00e9rcio que foram feitos. Enfim, tudo isso que se mostrou absolutamente ineficaz, principalmente, numa cidade em que o transporte p\u00fablico vive abarrotado de gente, todos os dias.<br>Agora, fazer Carnaval, em fevereiro, aqui no Rio de Janeiro, \u00e9 muito preocupante. O prefeito Eduardo Paes afirmou, recentemente, que o carnaval de 2022 ocorrer\u00e1, provavelmente, sem distanciamento ou medidas de restri\u00e7\u00e3o de p\u00fablico.<\/p>\n\n\n\n<p>Imaginem o resultado disso? S\u00f3 blocos na rua, tem uma previs\u00e3o de mais de 500. Isso significa milh\u00f5es e milh\u00f5es de pessoas se amontoando nas ruas, se abra\u00e7ando, se beijando.<\/p>\n\n\n\n<p>Ser\u00e1 que o que est\u00e1 acontecendo na Europa n\u00e3o \u00e9 alerta? Com 60% dos novos casos mundiais de covid-19, a Europa voltou a ser o epicentro da doen\u00e7a, segundo a OMS (Organiza\u00e7\u00e3o Mundial da Sa\u00fade), o que levou alguns pa\u00edses a considerarem a reimposi\u00e7\u00e3o de restri\u00e7\u00f5es no per\u00edodo que antecede o Natal.<\/p>\n\n\n\n<p>Alguns pa\u00edses europeus com crescimento no n\u00famero de casos t\u00eam \u00edndices de vacina\u00e7\u00e3o superiores aos do Brasil. Segundo a Fiocruz, o nosso pa\u00eds tem hoje cerca de 60% da popula\u00e7\u00e3o com esquema vacinal completo. Entretanto, pa\u00edses como \u00c1ustria, Litu\u00e2nia e Alemanha, com percentuais maiores da popula\u00e7\u00e3o vacinada (63,7%, 65,2% e 67% respectivamente), v\u00eam enfrentando um grande crescimento de interna\u00e7\u00f5es, principalmente entre os n\u00e3o vacinados, e tamb\u00e9m no indicador de \u00f3bitos por milh\u00e3o de habitantes.<\/p>\n\n\n\n<p>E se aqui tiver uma nova onda de Covid, quem ser\u00e1 respons\u00e1vel?<\/p>\n\n\n\n<p>Prefeito Eduardo Paes, muito cuidado com essa libera\u00e7\u00e3o exacerbada! Depois, n\u00e3o adianta fechar com\u00e9rcio para dizer que est\u00e1 tomando provid\u00eancias, e gerar mais desemprego e recess\u00e3o, principalmente para os mais pobres.<\/p>\n\n\n\n<p>E no quesito Carnaval, vale ressaltar mais uma coisa: al\u00e9m de ser um grande risco de uma nova onda de Covid-19, a Prefeitura, ainda, vai dar dinheiro para as Escolas de Samba, o que \u00e9 totalmente desnecess\u00e1rio. Afinal, para os desfiles h\u00e1 venda de ingressos, que, diga-se de passagem, s\u00e3o caros (o mais barato custa mais de 400 reais) e muitos patroc\u00ednios, inclusive a Rede Globo transmite o desfile , recebe milh\u00f5es de patroc\u00ednio , e paga as escolas por isso .<\/p>\n\n\n\n<p>Prefeito, use o dinheiro p\u00fablico na passarela da Sa\u00fade, da Educa\u00e7\u00e3o e da conserva\u00e7\u00e3o da Cidade.<\/p>\n\n\n\n<p><\/p>\n\n\n\n<p>Por: Rodrigo Bethlem<\/p>\n","protected":false},"excerpt":{"rendered":"<p>Estou longe de ser um alarmista. Desde o in\u00edcio da pandemia, falei muito contra esses seguidos lockdowns e fechamentos do com\u00e9rcio que foram feitos. Enfim, tudo isso que se mostrou absolutamente ineficaz, principalmente, numa cidade em que o transporte p\u00fablico vive abarrotado de gente, todos os dias.Agora, fazer Carnaval, em fevereiro, aqui no Rio de&#8230; <\/p>\n<div class=\"clear\"><\/div>\n<p><a href=\"https:\/\/bbconsultoria.net\/site\/o-samba-atravessado-da-covid-19\/\" class=\"excerpt-read-more\">Read More<\/a><\/p>\n","protected":false},"author":1,"featured_media":7011,"comment_status":"closed","ping_status":"closed","sticky":false,"template":"","format":"standard","meta":{"footnotes":""},"categories":[82],"tags":[252,253,141,251,254],"class_list":["post-7010","post","type-post","status-publish","format-standard","has-post-thumbnail","hentry","category-noticias","tag-carnaval","tag-carnaval-em-2022","tag-prefeitura-do-rio","tag-samba","tag-saude"],"_links":{"self":[{"href":"https:\/\/bbconsultoria.net\/site\/wp-json\/wp\/v2\/posts\/7010","targetHints":{"allow":["GET"]}}],"collection":[{"href":"https:\/\/bbconsultoria.net\/site\/wp-json\/wp\/v2\/posts"}],"about":[{"href":"https:\/\/bbconsultoria.net\/site\/wp-json\/wp\/v2\/types\/post"}],"author":[{"embeddable":true,"href":"https:\/\/bbconsultoria.net\/site\/wp-json\/wp\/v2\/users\/1"}],"replies":[{"embeddable":true,"href":"https:\/\/bbconsultoria.net\/site\/wp-json\/wp\/v2\/comments?post=7010"}],"version-history":[{"count":1,"href":"https:\/\/bbconsultoria.net\/site\/wp-json\/wp\/v2\/posts\/7010\/revisions"}],"predecessor-version":[{"id":7012,"href":"https:\/\/bbconsultoria.net\/site\/wp-json\/wp\/v2\/posts\/7010\/revisions\/7012"}],"wp:featuredmedia":[{"embeddable":true,"href":"https:\/\/bbconsultoria.net\/site\/wp-json\/wp\/v2\/media\/7011"}],"wp:attachment":[{"href":"https:\/\/bbconsultoria.net\/site\/wp-json\/wp\/v2\/media?parent=7010"}],"wp:term":[{"taxonomy":"category","embeddable":true,"href":"https:\/\/bbconsultoria.net\/site\/wp-json\/wp\/v2\/categories?post=7010"},{"taxonomy":"post_tag","embeddable":true,"href":"https:\/\/bbconsultoria.net\/site\/wp-json\/wp\/v2\/tags?post=7010"}],"curies":[{"name":"wp","href":"https:\/\/api.w.org\/{rel}","templated":true}]}}