{"id":7004,"date":"2021-11-08T07:55:00","date_gmt":"2021-11-08T10:55:00","guid":{"rendered":"https:\/\/bbconsultoria.net\/site\/?p=7004"},"modified":"2021-12-13T14:06:31","modified_gmt":"2021-12-13T17:06:31","slug":"a-economia-vai-decidir-a-eleicao-presidencial","status":"publish","type":"post","link":"https:\/\/bbconsultoria.net\/site\/a-economia-vai-decidir-a-eleicao-presidencial\/","title":{"rendered":"A Economia vai decidir a elei\u00e7\u00e3o presidencial"},"content":{"rendered":"\n<p>At\u00e9 alguns meses atr\u00e1s, muitos achavam que a pandemia seria o assunto da elei\u00e7\u00e3o. Inclusive, a CPI sobre esse tema ganhou uma superexposi\u00e7\u00e3o e alguns pol\u00edticos viram a oportunidade de se cacifarem eleitoralmente.<\/p>\n\n\n\n<p>A pesquisa do Ipespe, encomendada pela XP, deixa bem claro que hoje mais de 40 % dos entrevistados ir\u00e3o definir a elei\u00e7\u00e3o pelos temas econ\u00f4micos.<\/p>\n\n\n\n<p>Em segundo, vem a Educa\u00e7\u00e3o e em terceiro a Sa\u00fade.<\/p>\n\n\n\n<p>Neste quesito, acende-se sinal amarelo para o presidente Bolsonaro.<\/p>\n\n\n\n<p>Mais de 60% da popula\u00e7\u00e3o avalia que a Economia est\u00e1 sendo conduzida de forma errada.<\/p>\n\n\n\n<p>Desdobrando a pesquisa, vemos que a principal preocupa\u00e7\u00e3o da popula\u00e7\u00e3o no v\u00e9rtice econ\u00f4mico \u00e9 o combate \u00e0 infla\u00e7\u00e3o.<\/p>\n\n\n\n<p>Nesse ponto, o governo poderia atuar com mais for\u00e7a.<\/p>\n\n\n\n<p>Nesta semana, houve uma redu\u00e7\u00e3o de 10 pontos percentuais no imposto de importa\u00e7\u00e3o. \u00c9 pouco!<\/p>\n\n\n\n<p>Continuo insistindo que o Banco Central tem uma poderosa arma para reduzir a cota\u00e7\u00e3o do d\u00f3lar e, de quebra, a nossa d\u00edvida interna.<\/p>\n\n\n\n<p>As reservas cambiais se aproximam de 370 bilh\u00f5es de d\u00f3lares . \u00c9 obriga\u00e7\u00e3o do BC buscar o centro da meta da infla\u00e7\u00e3o.<\/p>\n\n\n\n<p>Este ano ficar\u00e1 bem longe deste objetivo. Insisto: todos os recursos dispon\u00edveis pelo BC devem ser utilizados.<\/p>\n\n\n\n<p>\u00c9 fato o pa\u00eds ter altas reservas o protegem de crises cambiais, mas \u00e9 inaceit\u00e1vel estar com 370 bilh\u00f5es, com o d\u00f3lar supervalorizado e uma infla\u00e7\u00e3o muito longe da meta, e o BC ainda n\u00e3o ter feito uso desse fundo.<\/p>\n\n\n\n<p>O tempo urge! Se at\u00e9 abril a equipe da Economia de Bolsonaro n\u00e3o ousar no combate \u00e0 infla\u00e7\u00e3o, isso poder\u00e1custar a sua reelei\u00e7\u00e3o.<\/p>\n\n\n\n<p><\/p>\n\n\n\n<p>Por: Rodrigo Bethlem<\/p>\n","protected":false},"excerpt":{"rendered":"<p>At\u00e9 alguns meses atr\u00e1s, muitos achavam que a pandemia seria o assunto da elei\u00e7\u00e3o. Inclusive, a CPI sobre esse tema ganhou uma superexposi\u00e7\u00e3o e alguns pol\u00edticos viram a oportunidade de se cacifarem eleitoralmente. A pesquisa do Ipespe, encomendada pela XP, deixa bem claro que hoje mais de 40 % dos entrevistados ir\u00e3o definir a elei\u00e7\u00e3o&#8230; <\/p>\n<div class=\"clear\"><\/div>\n<p><a href=\"https:\/\/bbconsultoria.net\/site\/a-economia-vai-decidir-a-eleicao-presidencial\/\" class=\"excerpt-read-more\">Read More<\/a><\/p>\n","protected":false},"author":1,"featured_media":7005,"comment_status":"closed","ping_status":"closed","sticky":false,"template":"","format":"standard","meta":{"footnotes":""},"categories":[82],"tags":[89,239,240,241,242,196],"class_list":["post-7004","post","type-post","status-publish","format-standard","has-post-thumbnail","hentry","category-noticias","tag-brasil","tag-economia-brasil","tag-eleicao-2022","tag-eleicao-brasil-2022","tag-o-que-decidi-a-eleicao","tag-pesquisa-eleitoral"],"_links":{"self":[{"href":"https:\/\/bbconsultoria.net\/site\/wp-json\/wp\/v2\/posts\/7004","targetHints":{"allow":["GET"]}}],"collection":[{"href":"https:\/\/bbconsultoria.net\/site\/wp-json\/wp\/v2\/posts"}],"about":[{"href":"https:\/\/bbconsultoria.net\/site\/wp-json\/wp\/v2\/types\/post"}],"author":[{"embeddable":true,"href":"https:\/\/bbconsultoria.net\/site\/wp-json\/wp\/v2\/users\/1"}],"replies":[{"embeddable":true,"href":"https:\/\/bbconsultoria.net\/site\/wp-json\/wp\/v2\/comments?post=7004"}],"version-history":[{"count":1,"href":"https:\/\/bbconsultoria.net\/site\/wp-json\/wp\/v2\/posts\/7004\/revisions"}],"predecessor-version":[{"id":7006,"href":"https:\/\/bbconsultoria.net\/site\/wp-json\/wp\/v2\/posts\/7004\/revisions\/7006"}],"wp:featuredmedia":[{"embeddable":true,"href":"https:\/\/bbconsultoria.net\/site\/wp-json\/wp\/v2\/media\/7005"}],"wp:attachment":[{"href":"https:\/\/bbconsultoria.net\/site\/wp-json\/wp\/v2\/media?parent=7004"}],"wp:term":[{"taxonomy":"category","embeddable":true,"href":"https:\/\/bbconsultoria.net\/site\/wp-json\/wp\/v2\/categories?post=7004"},{"taxonomy":"post_tag","embeddable":true,"href":"https:\/\/bbconsultoria.net\/site\/wp-json\/wp\/v2\/tags?post=7004"}],"curies":[{"name":"wp","href":"https:\/\/api.w.org\/{rel}","templated":true}]}}