{"id":7001,"date":"2021-10-31T13:51:00","date_gmt":"2021-10-31T16:51:00","guid":{"rendered":"https:\/\/bbconsultoria.net\/site\/?p=7001"},"modified":"2021-12-13T13:55:13","modified_gmt":"2021-12-13T16:55:13","slug":"da-para-impor-limites-na-liberdade-de-expressao","status":"publish","type":"post","link":"https:\/\/bbconsultoria.net\/site\/da-para-impor-limites-na-liberdade-de-expressao\/","title":{"rendered":"D\u00e1 para impor limites na liberdade de express\u00e3o?"},"content":{"rendered":"\n<p>N\u00f3s acompanhamos hoje no Brasil uma enorme pol\u00eamica sobre a liberdade de express\u00e3o.&nbsp;<\/p>\n\n\n\n<p>O STF, atrav\u00e9s do ministro Alexandre de Morais, abriu um inqu\u00e9rito para investigar fake news que, supostamente, atentem contra \u00e0s institui\u00e7\u00f5es e \u00e0 democracia .&nbsp;<\/p>\n\n\n\n<p>Eu sou um liberal convicto. Defendo que o maior idiota que conhe\u00e7o tenha o direito de falar as suas bobagens onde ele bem entender. Se ele partir para ofensas ou cal\u00fanias, aplica-se o C\u00f3digo Penal e o processa nas inst\u00e2ncias judiciais cab\u00edveis.&nbsp;<\/p>\n\n\n\n<p>Eu mesmo j\u00e1 processei alguns, mas nunca defendi que eles fossem calados. Cobrei retrata\u00e7\u00e3o.&nbsp;<\/p>\n\n\n\n<p>Qual o problema deste tipo de censura permanente, inclusive com a deten\u00e7\u00e3o dos mais exaltados? Quem se escala para censor ser\u00e1 mesmo uma pessoa isenta ?&nbsp;<\/p>\n\n\n\n<p>Vejo hoje a grande m\u00eddia comemorando a deten\u00e7\u00e3o e expurgo das redes sociais de \u201cBolsonaristas\u201d mais exaltados.&nbsp;<\/p>\n\n\n\n<p>Certa vez, ouvi uma frase interessante que dizia o seguinte: \u201cnunca perdermos a liberdade de uma vez , mas em fatias como um salame\u201d.&nbsp;<\/p>\n\n\n\n<p>Busco nunca fulanizar a discuss\u00e3o, mas me ater \u00e0s teses.&nbsp;<\/p>\n\n\n\n<p>Fico pensando, sempre, quando vejo algu\u00e9m, por decis\u00e3o judicial ou por decis\u00e3o da pr\u00f3pria rede social, banir algu\u00e9m \u201cporque n\u00e3o se encaixa na pol\u00edtica de divulga\u00e7\u00e3o da mesma\u201d. Penso sempre que posso ser o pr\u00f3ximo, dependendo do censor da vez.&nbsp;<\/p>\n\n\n\n<p>Recentemente,&nbsp; um jogador de v\u00f4lei foi execrado em pra\u00e7a p\u00fablica, pelos meios de comunica\u00e7\u00e3o, por n\u00e3o concordar com uma postagem que criava um \u201cSuperman gay\u201d.&nbsp;<\/p>\n\n\n\n<p>\u00c9 a opini\u00e3o dele! N\u00e3o concorda, deixe de seguir, at\u00e9 critique, mas o sujeito ser cancelado?&nbsp;<\/p>\n\n\n\n<p>Podem fazer caricaturas de s\u00edmbolos religiosos, mas n\u00e3o podem criticar um super-her\u00f3i da inf\u00e2ncia de muitos sendo descaracterizado do seu esteri\u00f3tipo?&nbsp;<\/p>\n\n\n\n<p>Fica o meu alerta a todos que batem palmas aos censores de hoje.&nbsp;<\/p>\n\n\n\n<p>Hoje, s\u00e3o retirados os que n\u00e3o concordamos. Amanh\u00e3, poderemos ser n\u00f3s, dependendo do censor do momento.<\/p>\n\n\n\n<p>Nunca devemos brincar com a liberdade.<\/p>\n\n\n\n<p><\/p>\n\n\n\n<p>Por: Rodrigo Bethlem<\/p>\n","protected":false},"excerpt":{"rendered":"<p>N\u00f3s acompanhamos hoje no Brasil uma enorme pol\u00eamica sobre a liberdade de express\u00e3o.&nbsp; O STF, atrav\u00e9s do ministro Alexandre de Morais, abriu um inqu\u00e9rito para investigar fake news que, supostamente, atentem contra \u00e0s institui\u00e7\u00f5es e \u00e0 democracia .&nbsp; Eu sou um liberal convicto. Defendo que o maior idiota que conhe\u00e7o tenha o direito de falar&#8230; <\/p>\n<div class=\"clear\"><\/div>\n<p><a href=\"https:\/\/bbconsultoria.net\/site\/da-para-impor-limites-na-liberdade-de-expressao\/\" class=\"excerpt-read-more\">Read More<\/a><\/p>\n","protected":false},"author":1,"featured_media":7002,"comment_status":"closed","ping_status":"closed","sticky":false,"template":"","format":"standard","meta":{"footnotes":""},"categories":[82],"tags":[234,236,233,238,109,237,235],"class_list":["post-7001","post","type-post","status-publish","format-standard","has-post-thumbnail","hentry","category-noticias","tag-alexandre-de-morais","tag-fake-news","tag-liberdade-de-expressao","tag-mauricio","tag-stf","tag-superman-gay","tag-supremo-tribunal-federal"],"_links":{"self":[{"href":"https:\/\/bbconsultoria.net\/site\/wp-json\/wp\/v2\/posts\/7001","targetHints":{"allow":["GET"]}}],"collection":[{"href":"https:\/\/bbconsultoria.net\/site\/wp-json\/wp\/v2\/posts"}],"about":[{"href":"https:\/\/bbconsultoria.net\/site\/wp-json\/wp\/v2\/types\/post"}],"author":[{"embeddable":true,"href":"https:\/\/bbconsultoria.net\/site\/wp-json\/wp\/v2\/users\/1"}],"replies":[{"embeddable":true,"href":"https:\/\/bbconsultoria.net\/site\/wp-json\/wp\/v2\/comments?post=7001"}],"version-history":[{"count":1,"href":"https:\/\/bbconsultoria.net\/site\/wp-json\/wp\/v2\/posts\/7001\/revisions"}],"predecessor-version":[{"id":7003,"href":"https:\/\/bbconsultoria.net\/site\/wp-json\/wp\/v2\/posts\/7001\/revisions\/7003"}],"wp:featuredmedia":[{"embeddable":true,"href":"https:\/\/bbconsultoria.net\/site\/wp-json\/wp\/v2\/media\/7002"}],"wp:attachment":[{"href":"https:\/\/bbconsultoria.net\/site\/wp-json\/wp\/v2\/media?parent=7001"}],"wp:term":[{"taxonomy":"category","embeddable":true,"href":"https:\/\/bbconsultoria.net\/site\/wp-json\/wp\/v2\/categories?post=7001"},{"taxonomy":"post_tag","embeddable":true,"href":"https:\/\/bbconsultoria.net\/site\/wp-json\/wp\/v2\/tags?post=7001"}],"curies":[{"name":"wp","href":"https:\/\/api.w.org\/{rel}","templated":true}]}}