{"id":6999,"date":"2021-10-25T07:12:00","date_gmt":"2021-10-25T10:12:00","guid":{"rendered":"https:\/\/bbconsultoria.net\/site\/?p=6999"},"modified":"2021-12-13T13:51:37","modified_gmt":"2021-12-13T16:51:37","slug":"marketing-nao-salva-vidas","status":"publish","type":"post","link":"https:\/\/bbconsultoria.net\/site\/marketing-nao-salva-vidas\/","title":{"rendered":"Marketing n\u00e3o salva vidas"},"content":{"rendered":"\n<p>Entrei no site da secretaria estadual de Sa\u00fade para pesquisar sobre o n\u00famero de mortes por COVID, na cidade do Rio de Janeiro. Diferente do ano passado, quando faltavam leitos, respiradores e a t\u00e3o esperada vacina, neste ano, a nova gest\u00e3o tinha tudo para ter uma dr\u00e1stica redu\u00e7\u00e3o na mortalidade por COVID .<\/p>\n\n\n\n<p>Me assustei quando me deparei com os n\u00fameros oficiais. Ao contr\u00e1rio do que se pensava, em 2020,&nbsp; foram 14.860 mortes por COVID e em 2021, at\u00e9 o dia 21 de outubro, o n\u00famero chegava a 19.815 \u00f3bitos. Outro dado impressionante \u00e9 que a cidade do Rio, apesar de ter, aproximadamente, 39% dos moradores do Estado (segundo o IBGE), responde por 50% das mortes registradas no Estado.&nbsp; Inacredit\u00e1vel! Fiquei imaginando as raz\u00f5es de, apesar de ter vacinas e a infraestrutura hospitalar ser mais favor\u00e1vel,&nbsp; por que morreram mais pessoas de COVID este ano do que no ano passado?<\/p>\n\n\n\n<p>O desmonte do hospital de campanha do Rio Centro, que oferecia 500 leitos, certamente, \u00e9 um dos motivos.&nbsp; Sob a alega\u00e7\u00e3o de irregularidades, tirar da popula\u00e7\u00e3o essa quantidade consider\u00e1vel de vagas, em plena pandemia, foi um dos primeiros atos da atual gest\u00e3o . Ora, se havia ind\u00edcio de erro, que apurasse! Mas, ao inv\u00e9s disso, preferiram deixar a popula\u00e7\u00e3o sem atendimento, o que pode ser definido como um verdadeiro genocidio (pra usar a palavra da moda).<\/p>\n\n\n\n<p>E tem mais: outro fato que, com certeza, contribuiu foi a atabalhoada troca da Empresa P\u00fablica de Sa\u00fade (RioSa\u00fade) pela OS Viva Rio, que, inclusive, \u00e9 questionada na Justi\u00e7a pelo pr\u00f3prio munic\u00edpio. Mas, a Prefeitura n\u00e3o se importou com isso e assinou contratos com a Viva Rio que somam mais de&nbsp; UM BILH\u00c3O DE REAIS .<\/p>\n\n\n\n<p>Vou al\u00e9m: talvez, a principal contribui\u00e7\u00e3o para o aumento de mortes foi o secret\u00e1rio de Sa\u00fade, Daniel Soranz, se preocupar mais em aparecer na m\u00eddia vacinando famosos, do que cuidar da gest\u00e3o. T\u00edpico comportamento de quem est\u00e1 pensando em uma futura candidatura.&nbsp; Lastim\u00e1vel!<\/p>\n\n\n\n<p>Para quem acha que estou exagerando, lan\u00e7o o desafio de achar em Santa Cruz , na Zona Oeste, tr\u00eas Cl\u00ednicas da Fam\u00edlia com os seus quadros completos .&nbsp;<\/p>\n\n\n\n<p>Mesmo com esse preocupante e triste cen\u00e1rio, ainda h\u00e1 tempo de cuidar da Sa\u00fade.<\/p>\n\n\n\n<p>E a receita prefeito Eduardo Paes \u00e9: menos marketing e mais gest\u00e3o!<\/p>\n\n\n\n<p><\/p>\n\n\n\n<p>Por: Rodrigo Bethlem<\/p>\n","protected":false},"excerpt":{"rendered":"<p>Entrei no site da secretaria estadual de Sa\u00fade para pesquisar sobre o n\u00famero de mortes por COVID, na cidade do Rio de Janeiro. Diferente do ano passado, quando faltavam leitos, respiradores e a t\u00e3o esperada vacina, neste ano, a nova gest\u00e3o tinha tudo para ter uma dr\u00e1stica redu\u00e7\u00e3o na mortalidade por COVID . Me assustei&#8230; <\/p>\n<div class=\"clear\"><\/div>\n<p><a href=\"https:\/\/bbconsultoria.net\/site\/marketing-nao-salva-vidas\/\" class=\"excerpt-read-more\">Read More<\/a><\/p>\n","protected":false},"author":1,"featured_media":6991,"comment_status":"closed","ping_status":"closed","sticky":false,"template":"","format":"standard","meta":{"footnotes":""},"categories":[82],"tags":[105,231,229,142,172,230],"class_list":["post-6999","post","type-post","status-publish","format-standard","has-post-thumbnail","hentry","category-noticias","tag-eduardo-paes","tag-hospital-de-campanha-do-riocentro","tag-marketing-nao-salva-vidas","tag-prefeito-do-rio","tag-prefeitura-do-rio-de-janeiro","tag-rio-centro"],"_links":{"self":[{"href":"https:\/\/bbconsultoria.net\/site\/wp-json\/wp\/v2\/posts\/6999","targetHints":{"allow":["GET"]}}],"collection":[{"href":"https:\/\/bbconsultoria.net\/site\/wp-json\/wp\/v2\/posts"}],"about":[{"href":"https:\/\/bbconsultoria.net\/site\/wp-json\/wp\/v2\/types\/post"}],"author":[{"embeddable":true,"href":"https:\/\/bbconsultoria.net\/site\/wp-json\/wp\/v2\/users\/1"}],"replies":[{"embeddable":true,"href":"https:\/\/bbconsultoria.net\/site\/wp-json\/wp\/v2\/comments?post=6999"}],"version-history":[{"count":1,"href":"https:\/\/bbconsultoria.net\/site\/wp-json\/wp\/v2\/posts\/6999\/revisions"}],"predecessor-version":[{"id":7000,"href":"https:\/\/bbconsultoria.net\/site\/wp-json\/wp\/v2\/posts\/6999\/revisions\/7000"}],"wp:featuredmedia":[{"embeddable":true,"href":"https:\/\/bbconsultoria.net\/site\/wp-json\/wp\/v2\/media\/6991"}],"wp:attachment":[{"href":"https:\/\/bbconsultoria.net\/site\/wp-json\/wp\/v2\/media?parent=6999"}],"wp:term":[{"taxonomy":"category","embeddable":true,"href":"https:\/\/bbconsultoria.net\/site\/wp-json\/wp\/v2\/categories?post=6999"},{"taxonomy":"post_tag","embeddable":true,"href":"https:\/\/bbconsultoria.net\/site\/wp-json\/wp\/v2\/tags?post=6999"}],"curies":[{"name":"wp","href":"https:\/\/api.w.org\/{rel}","templated":true}]}}