{"id":6993,"date":"2021-10-11T13:36:00","date_gmt":"2021-10-11T16:36:00","guid":{"rendered":"https:\/\/bbconsultoria.net\/site\/?p=6993"},"modified":"2021-12-13T13:43:24","modified_gmt":"2021-12-13T16:43:24","slug":"a-pauta-dos-absorventes","status":"publish","type":"post","link":"https:\/\/bbconsultoria.net\/site\/a-pauta-dos-absorventes\/","title":{"rendered":"A pauta dos absorventes"},"content":{"rendered":"\n<p>A pol\u00eamica da vez aqui no Brasil \u00e9 sobre a distribui\u00e7\u00e3o gratuita de absorventes \u00edntimos para adolescentes e mulheres pobres. A discuss\u00e3o se acalorou depois que o presidente Jair Bolsonaro vetou a previs\u00e3o de distribui\u00e7\u00e3o gratuita de absorventes femininos para estudantes de baixa renda e pessoas em situa\u00e7\u00e3o de rua. A san\u00e7\u00e3o foi publicada na edi\u00e7\u00e3o de quinta-feira (7) do Di\u00e1rio Oficial da Uni\u00e3o.<\/p>\n\n\n\n<p>Um dos pontos de partida desse tema foi o levantamento divulgado este ano intitulado \u201cImpacto da pobreza menstrual no Brasil\u201d, encomendado pela marca Always, que aponta que o fato de n\u00e3o ter condi\u00e7\u00f5es de comprar absorvente faz com que meninas percam 45 dias de aula por ano letivo.<\/p>\n\n\n\n<p>Muito bem, vamos pontuar algumas coisas.<\/p>\n\n\n\n<p>Essa pesquisa, que serviu de base para essa narrativa, foi produzida pela Always, que \u00e9 fabricante de absorventes. Pois \u00e9, estudo pago por uma empresa que ganha milh\u00f5es com o item em discuss\u00e3o.<\/p>\n\n\n\n<p>Caro leitor, voc\u00ea pode questionar: n\u00e3o \u00e9 importante distribuir absorventes para pessoas que n\u00e3o tem dinheiro para comprar? Sim, \u00e9 claro que \u00e9 importante, assim como \u00e9 necess\u00e1rio dar botij\u00e3o de g\u00e1s, nesse momento, para as pessoas mais pobres que est\u00e3o sem condi\u00e7\u00f5es de cozinhar. Tamb\u00e9m acho importante dar comida porque tem muita gente que n\u00e3o est\u00e1 tendo o que comer.<\/p>\n\n\n\n<p>Mas vou contar um segredinho para voc\u00eas: n\u00e3o h\u00e1 nada de gra\u00e7a. Parlamentares que ficam aprovando projeto na C\u00e2mara dizendo \u201cvamos dar de gra\u00e7a\u201d est\u00e3o mentindo. N\u00f3s pagamos por tudo isso que o governo faz.<br><br>Mais uma pondera\u00e7\u00e3o importante: pergunta para esses deputados se eles abriram m\u00e3o dos seus sal\u00e1rios ou, pelo menos, de parte das suas verbas de gabinete para financiar o programa.<\/p>\n\n\n\n<p>Gente, precisa ter dinheiro para fazer as coisas. Quem vai bancar isso? O governo n\u00e3o produz dinheiro. Tudo que ele faz \u00e9 pago com o que recolhe dos nossos impostos. Pode at\u00e9 ter gente que acha que n\u00e3o paga tributos, mas paga porque est\u00e3o embutidos nos pre\u00e7os dos produtos.<\/p>\n\n\n\n<p>E como n\u00e3o existe nada sem pagar, \u00e9 necess\u00e1rio estabelecer prioridades.<\/p>\n\n\n\n<p>Na atual situa\u00e7\u00e3o do pa\u00eds, seria muito mais importante ter um programa subsidiando o pre\u00e7o do g\u00e1s para que as pessoas n\u00e3o morram de fome!<\/p>\n\n\n\n<p>Querem dar absorvente de gra\u00e7a? Muito bem, nobres deputados, ent\u00e3o, comecem diminuindo os custos da C\u00e2mara e do judici\u00e1rio. Com certeza, vai sobrar dinheiro para fazer esse e muitos outros programas.<\/p>\n\n\n\n<p>\u00c9 isso que tem que ser feito. O resto \u00e9 conversa pra boi dormir.<\/p>\n\n\n\n<p><\/p>\n\n\n\n<p>Por: Rodrigo Bethlem<\/p>\n","protected":false},"excerpt":{"rendered":"<p>A pol\u00eamica da vez aqui no Brasil \u00e9 sobre a distribui\u00e7\u00e3o gratuita de absorventes \u00edntimos para adolescentes e mulheres pobres. A discuss\u00e3o se acalorou depois que o presidente Jair Bolsonaro vetou a previs\u00e3o de distribui\u00e7\u00e3o gratuita de absorventes femininos para estudantes de baixa renda e pessoas em situa\u00e7\u00e3o de rua. A san\u00e7\u00e3o foi publicada na&#8230; <\/p>\n<div class=\"clear\"><\/div>\n<p><a href=\"https:\/\/bbconsultoria.net\/site\/a-pauta-dos-absorventes\/\" class=\"excerpt-read-more\">Read More<\/a><\/p>\n","protected":false},"author":1,"featured_media":6994,"comment_status":"closed","ping_status":"closed","sticky":false,"template":"","format":"standard","meta":{"footnotes":""},"categories":[82],"tags":[222,224,100,223,221,103],"class_list":["post-6993","post","type-post","status-publish","format-standard","has-post-thumbnail","hentry","category-noticias","tag-absorventes","tag-farsa-dos-absorventes","tag-governo-do-estado-do-rio-de-janeiro","tag-governo-federal","tag-polemica-dos-absorventes","tag-prefeito-do-rio-de-janeiro"],"_links":{"self":[{"href":"https:\/\/bbconsultoria.net\/site\/wp-json\/wp\/v2\/posts\/6993","targetHints":{"allow":["GET"]}}],"collection":[{"href":"https:\/\/bbconsultoria.net\/site\/wp-json\/wp\/v2\/posts"}],"about":[{"href":"https:\/\/bbconsultoria.net\/site\/wp-json\/wp\/v2\/types\/post"}],"author":[{"embeddable":true,"href":"https:\/\/bbconsultoria.net\/site\/wp-json\/wp\/v2\/users\/1"}],"replies":[{"embeddable":true,"href":"https:\/\/bbconsultoria.net\/site\/wp-json\/wp\/v2\/comments?post=6993"}],"version-history":[{"count":1,"href":"https:\/\/bbconsultoria.net\/site\/wp-json\/wp\/v2\/posts\/6993\/revisions"}],"predecessor-version":[{"id":6995,"href":"https:\/\/bbconsultoria.net\/site\/wp-json\/wp\/v2\/posts\/6993\/revisions\/6995"}],"wp:featuredmedia":[{"embeddable":true,"href":"https:\/\/bbconsultoria.net\/site\/wp-json\/wp\/v2\/media\/6994"}],"wp:attachment":[{"href":"https:\/\/bbconsultoria.net\/site\/wp-json\/wp\/v2\/media?parent=6993"}],"wp:term":[{"taxonomy":"category","embeddable":true,"href":"https:\/\/bbconsultoria.net\/site\/wp-json\/wp\/v2\/categories?post=6993"},{"taxonomy":"post_tag","embeddable":true,"href":"https:\/\/bbconsultoria.net\/site\/wp-json\/wp\/v2\/tags?post=6993"}],"curies":[{"name":"wp","href":"https:\/\/api.w.org\/{rel}","templated":true}]}}