{"id":6990,"date":"2021-10-04T13:32:00","date_gmt":"2021-10-04T16:32:00","guid":{"rendered":"https:\/\/bbconsultoria.net\/site\/?p=6990"},"modified":"2021-12-13T13:35:16","modified_gmt":"2021-12-13T16:35:16","slug":"uma-operacao-que-precisa-ser-explicada","status":"publish","type":"post","link":"https:\/\/bbconsultoria.net\/site\/uma-operacao-que-precisa-ser-explicada\/","title":{"rendered":"Uma opera\u00e7\u00e3o que precisa ser explicada"},"content":{"rendered":"\n<p>A prefeitura vem alardeando uma &#8220;sa\u00fade financeira&#8221;, que em uma r\u00e1pida checagem no portal da transpar\u00eancia do munic\u00edpio, n\u00e3o se sustenta. Mas vamos raciocinar com as informa\u00e7\u00f5es divulgadas pela municipalidade.<br><br>A gest\u00e3o municipal &nbsp;diz que vai acabar o ano de 2021 com 6 bilh\u00f5es em caixa, fora os recursos provenientes da outorga dos servi\u00e7os da Cedae.&nbsp; Ent\u00e3o, que sentido tem&nbsp;&nbsp;querer&nbsp;antecipar os royalties de petr\u00f3leo? O valor estimado dessa opera\u00e7\u00e3o vai variar entre R$ 500 milh\u00f5es e R$ 750 milh\u00f5es de reais.<\/p>\n\n\n\n<p>No \u00faltimo&nbsp;dia 24\/09, a prefeitura convocou institui\u00e7\u00f5es financeiras p\u00fablicas ou privadas a participar de uma licita\u00e7\u00e3o, para a opera\u00e7\u00e3o de cr\u00e9dito de antecipa\u00e7\u00e3o das receitas futuras dos royalties e das participa\u00e7\u00f5es especiais da explora\u00e7\u00e3o do petr\u00f3leo e g\u00e1s natural a serem recebidas pelo munic\u00edpio nos anos de 2022, 2023 e 2024 \u2014 ou seja, at\u00e9 o fim do mandato da atual gest\u00e3o.<\/p>\n\n\n\n<p>J\u00e1 fiz um artigo aqui no Correio da Manh\u00e3, expondo os n\u00fameros do portal da prefeitura, que s\u00e3o bem diferentes do que o Poder Municipal tem vendido \u00e0 imprensa . Mesmo assim da concess\u00e3o do saneamento vir\u00e3o aproximadamente 5 bilh\u00f5es de reais. N\u00e3o h\u00e1 motivo para esta antecipa\u00e7\u00e3o.<\/p>\n\n\n\n<p>Opera\u00e7\u00e3o como esta, em um passado pr\u00f3ximo, foi feita com uma taxa de desconto, cobrada pelos bancos, de aproximadamente 10 por cento ao ano . A prefeitura, que j\u00e1 tem dinheiro em caixa, aplicar\u00e1 este recurso, em uma taxa pr\u00f3xima da Selic (hoje em 6.5 por cento), ocasionando um enorme preju\u00edzo aos cofres p\u00fablicos, de dezenas de milh\u00f5es de reais.<\/p>\n\n\n\n<p>S\u00f3 haveria raz\u00e3o&nbsp;para o adiantamento desses recursos dos royalties dentro do mandato do atual prefeito, se a prefeitura estivesse numa condi\u00e7\u00e3o financeira de absoluta dificuldade, o que n\u00e3o est\u00e1, por conta do que j\u00e1 relatei acima.<\/p>\n\n\n\n<p>Espero que os \u00f3rg\u00e3os de controle e a pr\u00f3pria C\u00e2mara de Vereadores impe\u00e7am um absurdo desse, que s\u00f3 vai trazer preju\u00edzo aos cofres municipais e que n\u00e3o tem nenhuma raz\u00e3o de ser.<\/p>\n\n\n\n<p><\/p>\n\n\n\n<p>Por: Rodrigo Bethlem<\/p>\n","protected":false},"excerpt":{"rendered":"<p>A prefeitura vem alardeando uma &#8220;sa\u00fade financeira&#8221;, que em uma r\u00e1pida checagem no portal da transpar\u00eancia do munic\u00edpio, n\u00e3o se sustenta. Mas vamos raciocinar com as informa\u00e7\u00f5es divulgadas pela municipalidade. A gest\u00e3o municipal &nbsp;diz que vai acabar o ano de 2021 com 6 bilh\u00f5es em caixa, fora os recursos provenientes da outorga dos servi\u00e7os da&#8230; <\/p>\n<div class=\"clear\"><\/div>\n<p><a href=\"https:\/\/bbconsultoria.net\/site\/uma-operacao-que-precisa-ser-explicada\/\" class=\"excerpt-read-more\">Read More<\/a><\/p>\n","protected":false},"author":1,"featured_media":6991,"comment_status":"closed","ping_status":"closed","sticky":false,"template":"","format":"standard","meta":{"footnotes":""},"categories":[82],"tags":[105,219,103,172,220],"class_list":["post-6990","post","type-post","status-publish","format-standard","has-post-thumbnail","hentry","category-noticias","tag-eduardo-paes","tag-orcamento-prefeitura-do-rio-de-janeiro","tag-prefeito-do-rio-de-janeiro","tag-prefeitura-do-rio-de-janeiro","tag-secretaria-de-fazenda-do-rio-2"],"_links":{"self":[{"href":"https:\/\/bbconsultoria.net\/site\/wp-json\/wp\/v2\/posts\/6990","targetHints":{"allow":["GET"]}}],"collection":[{"href":"https:\/\/bbconsultoria.net\/site\/wp-json\/wp\/v2\/posts"}],"about":[{"href":"https:\/\/bbconsultoria.net\/site\/wp-json\/wp\/v2\/types\/post"}],"author":[{"embeddable":true,"href":"https:\/\/bbconsultoria.net\/site\/wp-json\/wp\/v2\/users\/1"}],"replies":[{"embeddable":true,"href":"https:\/\/bbconsultoria.net\/site\/wp-json\/wp\/v2\/comments?post=6990"}],"version-history":[{"count":1,"href":"https:\/\/bbconsultoria.net\/site\/wp-json\/wp\/v2\/posts\/6990\/revisions"}],"predecessor-version":[{"id":6992,"href":"https:\/\/bbconsultoria.net\/site\/wp-json\/wp\/v2\/posts\/6990\/revisions\/6992"}],"wp:featuredmedia":[{"embeddable":true,"href":"https:\/\/bbconsultoria.net\/site\/wp-json\/wp\/v2\/media\/6991"}],"wp:attachment":[{"href":"https:\/\/bbconsultoria.net\/site\/wp-json\/wp\/v2\/media?parent=6990"}],"wp:term":[{"taxonomy":"category","embeddable":true,"href":"https:\/\/bbconsultoria.net\/site\/wp-json\/wp\/v2\/categories?post=6990"},{"taxonomy":"post_tag","embeddable":true,"href":"https:\/\/bbconsultoria.net\/site\/wp-json\/wp\/v2\/tags?post=6990"}],"curies":[{"name":"wp","href":"https:\/\/api.w.org\/{rel}","templated":true}]}}