{"id":6987,"date":"2021-09-26T13:22:00","date_gmt":"2021-09-26T16:22:00","guid":{"rendered":"https:\/\/bbconsultoria.net\/site\/?p=6987"},"modified":"2021-12-13T13:32:08","modified_gmt":"2021-12-13T16:32:08","slug":"a-imprensa-continua-lutando-contra-os-fatos","status":"publish","type":"post","link":"https:\/\/bbconsultoria.net\/site\/a-imprensa-continua-lutando-contra-os-fatos\/","title":{"rendered":"A imprensa continua lutando contra os fatos"},"content":{"rendered":"\n<p>O discurso do presidente Jair Bolsonaro, na manh\u00e3 de ter\u00e7a-feira (26), na 76\u00aa Assembleia Geral da Organiza\u00e7\u00e3o das Na\u00e7\u00f5es Unidas (ONU), em Nova York, gerou uma s\u00e9rie de manchetes negativas. Quando abri os jornais, me deparei com uma verdadeira sandice, com a imprensa brigando contra os fatos e transformando o que o presidente falou num discurso agressivo e fora do tom.<\/p>\n\n\n\n<p>Ent\u00e3o, antes de me deixar levar pelas interpreta\u00e7\u00f5es dos jornalistas, fui rever para entender onde a fala do presidente foi desproporcional, do jeito que alguns ve\u00edculos de comunica\u00e7\u00e3o tentaram transformar.<\/p>\n\n\n\n<p>Vamos a alguns pontos! Bolsonaro falou sobre as demarca\u00e7\u00f5es de terras ind\u00edgenas. Disse que \u201c14% do territ\u00f3rio nacional, ou seja, mais de 110 milh\u00f5es de hectares, uma \u00e1rea equivalente a Alemanha e Fran\u00e7a juntas, \u00e9 destinada \u00e0s reservas ind\u00edgenas. Nessas regi\u00f5es, 600.000 \u00edndios vivem em liberdade e cada vez mais desejam utilizar suas terras para a agricultura e outras atividades.\u201d<\/p>\n\n\n\n<p>Ora, meus amigos, h\u00e1 alguma d\u00favida de que \u00e9 importante contar isso para o mundo inteiro e rebater essa impress\u00e3o de que estamos matando todos os \u00edndios e impedindo que eles tenham o seu espa\u00e7o preservado? Ouso em afirmar que acho essa \u00e1rea \u00e9 at\u00e9 grande demais.<\/p>\n\n\n\n<p>Outro ponto que merece destaque \u00e9 o que o presidente disse sobre a Amaz\u00f4nia. Ele declarou que \u201co Brasil \u00e9 um pa\u00eds com dimens\u00f5es continentais, com grandes desafios ambientais. S\u00e3o 8,5 milh\u00f5es de quil\u00f4metros quadrados, dos quais 66% s\u00e3o vegeta\u00e7\u00e3o nativa, a mesma desde o seu descobrimento, em 1500.\u201d Esses dados s\u00e3o fundamentais para desconstruir a tentativa de colocar o Brasil como o patinho feio do meio ambiente. O Brasil n\u00e3o polui 10% do que os Estados Unidos e a China poluem.<\/p>\n\n\n\n<p>Nosso pa\u00eds \u00e9 o celeiro do mundo. \u00c9 o pa\u00eds que mais exporta comida para o mundo inteiro e esse \u00e9 mais um item muito importante para ser dito a todos os chefes de estado.<\/p>\n\n\n\n<p>Sobre a pandemia, Bolsonaro ressaltou que \u201co Governo Federal distribuiu mais de 260 milh\u00f5es de doses de vacinas e mais de 140 milh\u00f5es de brasileiros j\u00e1 receberam, pelo menos, a primeira dose, o que representa quase 90% da popula\u00e7\u00e3o adulta. 80% da popula\u00e7\u00e3o ind\u00edgena tamb\u00e9m j\u00e1 foi totalmente vacinada. At\u00e9 novembro, todos que escolheram ser vacinados no Brasil, ser\u00e3o atendidos.\u201d<\/p>\n\n\n\n<p>N\u00e3o podemos desprezar essas informa\u00e7\u00f5es. Muitas vezes, as not\u00edcias que chegam s\u00e3o distorcidas. Esses n\u00fameros s\u00e3o importantes para n\u00e3o parecer que no Brasil vai todo mundo morrer de Covid.<br><br>Minha an\u00e1lise sobre o discurso do presidente Bolsonaro \u00e9 contr\u00e1ria ao que circulou nos ve\u00edculos de Comunica\u00e7\u00e3o. Ele passou mensagens important\u00edssimas para o mundo inteiro e o que a m\u00eddia fez foi transformar em algo agressivo e absurdo. Na verdade, tudo tinha que ter sido dito, sim. Tamb\u00e9m como forma de combater as fake news de boa parte da imprensa, que vive de tentar denegrir a imagem do pr\u00f3prio pa\u00eds. Vejam que coisa absurda: n\u00f3s, brasileiros, atacamos a imagem do nosso pr\u00f3prio pa\u00eds.<\/p>\n\n\n\n<p>Dessa forma, fica dif\u00edcil as coisas irem para frente.<\/p>\n\n\n\n<p><\/p>\n\n\n\n<p>Por: Rodrigo Bethlem<\/p>\n","protected":false},"excerpt":{"rendered":"<p>O discurso do presidente Jair Bolsonaro, na manh\u00e3 de ter\u00e7a-feira (26), na 76\u00aa Assembleia Geral da Organiza\u00e7\u00e3o das Na\u00e7\u00f5es Unidas (ONU), em Nova York, gerou uma s\u00e9rie de manchetes negativas. Quando abri os jornais, me deparei com uma verdadeira sandice, com a imprensa brigando contra os fatos e transformando o que o presidente falou num&#8230; <\/p>\n<div class=\"clear\"><\/div>\n<p><a href=\"https:\/\/bbconsultoria.net\/site\/a-imprensa-continua-lutando-contra-os-fatos\/\" class=\"excerpt-read-more\">Read More<\/a><\/p>\n","protected":false},"author":1,"featured_media":6988,"comment_status":"closed","ping_status":"closed","sticky":false,"template":"","format":"standard","meta":{"footnotes":""},"categories":[82],"tags":[218,216,213,91,215,217,212,84],"class_list":["post-6987","post","type-post","status-publish","format-standard","has-post-thumbnail","hentry","category-noticias","tag-bolsonaro-na-onu","tag-discurso-presidente-do-brasil-na-onu","tag-imprensa","tag-jair-bolsonaro","tag-jornalista","tag-onu","tag-presidente-da-republica","tag-rodrigo-bethlem"],"_links":{"self":[{"href":"https:\/\/bbconsultoria.net\/site\/wp-json\/wp\/v2\/posts\/6987","targetHints":{"allow":["GET"]}}],"collection":[{"href":"https:\/\/bbconsultoria.net\/site\/wp-json\/wp\/v2\/posts"}],"about":[{"href":"https:\/\/bbconsultoria.net\/site\/wp-json\/wp\/v2\/types\/post"}],"author":[{"embeddable":true,"href":"https:\/\/bbconsultoria.net\/site\/wp-json\/wp\/v2\/users\/1"}],"replies":[{"embeddable":true,"href":"https:\/\/bbconsultoria.net\/site\/wp-json\/wp\/v2\/comments?post=6987"}],"version-history":[{"count":1,"href":"https:\/\/bbconsultoria.net\/site\/wp-json\/wp\/v2\/posts\/6987\/revisions"}],"predecessor-version":[{"id":6989,"href":"https:\/\/bbconsultoria.net\/site\/wp-json\/wp\/v2\/posts\/6987\/revisions\/6989"}],"wp:featuredmedia":[{"embeddable":true,"href":"https:\/\/bbconsultoria.net\/site\/wp-json\/wp\/v2\/media\/6988"}],"wp:attachment":[{"href":"https:\/\/bbconsultoria.net\/site\/wp-json\/wp\/v2\/media?parent=6987"}],"wp:term":[{"taxonomy":"category","embeddable":true,"href":"https:\/\/bbconsultoria.net\/site\/wp-json\/wp\/v2\/categories?post=6987"},{"taxonomy":"post_tag","embeddable":true,"href":"https:\/\/bbconsultoria.net\/site\/wp-json\/wp\/v2\/tags?post=6987"}],"curies":[{"name":"wp","href":"https:\/\/api.w.org\/{rel}","templated":true}]}}