{"id":6984,"date":"2021-09-19T13:16:00","date_gmt":"2021-09-19T16:16:00","guid":{"rendered":"https:\/\/bbconsultoria.net\/site\/?p=6984"},"modified":"2021-12-13T13:22:17","modified_gmt":"2021-12-13T16:22:17","slug":"a-hipocrisia-da-turma-do-fica-em-casa-chegou-ao-apice","status":"publish","type":"post","link":"https:\/\/bbconsultoria.net\/site\/a-hipocrisia-da-turma-do-fica-em-casa-chegou-ao-apice\/","title":{"rendered":"A hipocrisia da turma do \u201cfica em casa\u201d chegou ao \u00e1pice"},"content":{"rendered":"\n<p>No jogo do Flamengo, que ocorreu na \u00faltima quarta-feira (15\/09), todos que foram ao est\u00e1dio estavam duplamente vacinados e fizeram teste PCR, ou seja, n\u00e3o estavam infectados.<\/p>\n\n\n\n<p>Mesmo assim, o que se viu de pessoas na televis\u00e3o, r\u00e1dio e jornais dizendo que foi um risco e que era um absurdo pelo fato de ter pouco afastamento e gente sem m\u00e1scara.<\/p>\n\n\n\n<p>Gente, para que uma pessoa duplamente vacinada, testada e que n\u00e3o est\u00e1 infectada tem que usar mascara? Qual o real motivo?<\/p>\n\n\n\n<p>E o pior: esse esc\u00e2ndalo todo em uma cidade em que milh\u00f5es de pessoas andam, todos os dias, abarrotados no trem, no \u00f4nibus e no metr\u00f4. Sem deixar de apontar a o aumento na superlota\u00e7\u00e3o destes modais. Problema este que nunca foi sanado pelo poder p\u00fablico.<\/p>\n\n\n\n<p>Isso \u00e9 uma hipocrisia atroz! Precisamos abrir o olho! O que essa turma quer \u00e9 ficar controlando a vida da gente. N\u00e3o tem nada de Sa\u00fade e Ci\u00eancia nisso. S\u00f3 controle!<\/p>\n\n\n\n<p>Qual motivo de uma gritaria dessas para entrar num est\u00e1dio?<\/p>\n\n\n\n<p>Repito: o que tem que ser exigido \u00e9 estar duplamente vacinado e fazer o teste. Pronto!<\/p>\n\n\n\n<p>N\u00e3o se enganem! Constantemente vimos gestores fazendo discursos duros a favor da vida, usando m\u00e1scara nas entrevistas, e quando as c\u00e2meras desligam, v\u00e3o \u201c aglomerar\u201d em shows, viagens e outros convescotes.<\/p>\n\n\n\n<p>H\u00e1 tempos que a ci\u00eancia saiu de cena, e o que estamos assistindo s\u00e3o improvisos para que o discurso pol\u00edtico se mantenha aceso.<\/p>\n\n\n\n<p>Insisto! \u00c9 plaus\u00edvel regular a ocupa\u00e7\u00e3o de restaurantes, em uma cidade que milh\u00f5es todos os dias andam em transportes p\u00fablicos completamente amontoados, considerando que s\u00e3o esses que estar\u00e3o servindo nos restaurantes com \u201co devido afastamento\u201d?<\/p>\n\n\n\n<p>Parece piada, mas n\u00e3o \u00e9.<\/p>\n\n\n\n<p>Infelizmente, qualquer um que ouse sair deste roteiro de novela global, \u00e9 taxado de genocida e negacionista.<\/p>\n\n\n\n<p>Sou a favor da vida e contra a hipocrisia.<\/p>\n\n\n\n<p><\/p>\n\n\n\n<p>Por: Rodrigo Bethlem<\/p>\n","protected":false},"excerpt":{"rendered":"<p>No jogo do Flamengo, que ocorreu na \u00faltima quarta-feira (15\/09), todos que foram ao est\u00e1dio estavam duplamente vacinados e fizeram teste PCR, ou seja, n\u00e3o estavam infectados. Mesmo assim, o que se viu de pessoas na televis\u00e3o, r\u00e1dio e jornais dizendo que foi um risco e que era um absurdo pelo fato de ter pouco&#8230; <\/p>\n<div class=\"clear\"><\/div>\n<p><a href=\"https:\/\/bbconsultoria.net\/site\/a-hipocrisia-da-turma-do-fica-em-casa-chegou-ao-apice\/\" class=\"excerpt-read-more\">Read More<\/a><\/p>\n","protected":false},"author":1,"featured_media":6985,"comment_status":"closed","ping_status":"closed","sticky":false,"template":"","format":"standard","meta":{"footnotes":""},"categories":[82],"tags":[206,208,205,210,207,209,88,211],"class_list":["post-6984","post","type-post","status-publish","format-standard","has-post-thumbnail","hentry","category-noticias","tag-ficaemcasa","tag-flamengo","tag-hipocrisia","tag-jogo-no-maracana","tag-jogodoflamengo","tag-maracana","tag-rio-de-janeiro","tag-uso-de-mascara"],"_links":{"self":[{"href":"https:\/\/bbconsultoria.net\/site\/wp-json\/wp\/v2\/posts\/6984","targetHints":{"allow":["GET"]}}],"collection":[{"href":"https:\/\/bbconsultoria.net\/site\/wp-json\/wp\/v2\/posts"}],"about":[{"href":"https:\/\/bbconsultoria.net\/site\/wp-json\/wp\/v2\/types\/post"}],"author":[{"embeddable":true,"href":"https:\/\/bbconsultoria.net\/site\/wp-json\/wp\/v2\/users\/1"}],"replies":[{"embeddable":true,"href":"https:\/\/bbconsultoria.net\/site\/wp-json\/wp\/v2\/comments?post=6984"}],"version-history":[{"count":1,"href":"https:\/\/bbconsultoria.net\/site\/wp-json\/wp\/v2\/posts\/6984\/revisions"}],"predecessor-version":[{"id":6986,"href":"https:\/\/bbconsultoria.net\/site\/wp-json\/wp\/v2\/posts\/6984\/revisions\/6986"}],"wp:featuredmedia":[{"embeddable":true,"href":"https:\/\/bbconsultoria.net\/site\/wp-json\/wp\/v2\/media\/6985"}],"wp:attachment":[{"href":"https:\/\/bbconsultoria.net\/site\/wp-json\/wp\/v2\/media?parent=6984"}],"wp:term":[{"taxonomy":"category","embeddable":true,"href":"https:\/\/bbconsultoria.net\/site\/wp-json\/wp\/v2\/categories?post=6984"},{"taxonomy":"post_tag","embeddable":true,"href":"https:\/\/bbconsultoria.net\/site\/wp-json\/wp\/v2\/tags?post=6984"}],"curies":[{"name":"wp","href":"https:\/\/api.w.org\/{rel}","templated":true}]}}