{"id":6981,"date":"2021-09-12T07:22:00","date_gmt":"2021-09-12T10:22:00","guid":{"rendered":"https:\/\/bbconsultoria.net\/site\/?p=6981"},"modified":"2021-12-13T13:10:09","modified_gmt":"2021-12-13T16:10:09","slug":"eduardo-paes-e-seu-orcamento-maravilha","status":"publish","type":"post","link":"https:\/\/bbconsultoria.net\/site\/eduardo-paes-e-seu-orcamento-maravilha\/","title":{"rendered":"Eduardo Paes e seu or\u00e7amento maravilha!"},"content":{"rendered":"\n<p>O jornal Valor Econ\u00f4mico publicou uma mat\u00e9ria essa semana em que o prefeito Eduardo Paes diz que vai fechar 2021 com R$ 6 bilh\u00f5es em caixa. A mat\u00e9ria deixa claro que n\u00e3o contabiliza os recursos oriundos da concess\u00e3o da Cedae, aproximadamente R$ 5,5 bilh\u00f5es.<\/p>\n\n\n\n<p>Sou curioso e fui apurar alguns n\u00fameros no Portal da Transpar\u00eancia da pr\u00f3pria Prefeitura. A\u00ed me deparei com uma realidade bem diferente do mundo encantado publicado na mat\u00e9ria do respeitado Valor.<\/p>\n\n\n\n<p>Vamos l\u00e1\u2026 A Prefeitura do Rio arrecadou, at\u00e9 o dia 9 de setembro, aproximadamente, R$ 21 bilh\u00f5es. Atualmente, a cidade tem empenhado (compromisso de pagar) cerca de R$ 23 bilh\u00f5es.<\/p>\n\n\n\n<p>Numa r\u00e1pida explica\u00e7\u00e3o \u2026 Este ano s\u00f3 a folha de pagamento da m\u00e1quina p\u00fablica \u00e9 da ordem de R$ 18,9 bilh\u00f5es. Do total, ainda falta empenhar&nbsp;R$ 6,2 bilh\u00f5es.<\/p>\n\n\n\n<p>Vamos fazer uma conta simples \u2026 Se somarmos os R$ 6,2 bilh\u00f5es que falta empenhar para pagar pessoal aos R$ 23 bilh\u00f5es que j\u00e1 foram separados\u2026 teremos R$ 29,2 bilh\u00f5es esse ano. E olha que isso \u00e9 prevendo que n\u00e3o teremos absolutamente mais nada relacionado a custeio ou investimento.<\/p>\n\n\n\n<p>A Prefeitura vem arrecadando por m\u00eas uma m\u00e9dia&nbsp;aproximada de R$ R$ 2,2 bilh\u00f5es (sem contar a cota \u00fanica de IPTU).&nbsp;Logo, se n\u00e3o tivermos nenhum fato novo que mexa drasticamente nesse n\u00famero, a arrecada\u00e7\u00e3o prevista at\u00e9 o fim do ano \u00e9 de mais R$ 6,8 bilh\u00f5es, aproximadamente. Somados aos 21,5 bilh\u00f5es que j\u00e1 entraram nos cofres p\u00fablicos\u2026 a receita total deste ano chegar\u00e1&nbsp;a R$ 28,3 bilh\u00f5es.<\/p>\n\n\n\n<p>Recapitulando\u2026 Os n\u00fameros at\u00e9 agora indicam despesas de R$ 29,2 bilh\u00f5es e receita de R$ 28,3 bilh\u00f5es. Ou seja, ao inv\u00e9s de dinheiro em caixa, o munic\u00edpio ter\u00e1 um rombo de R$ 900 milh\u00f5es.<\/p>\n\n\n\n<p>Mas vamos considerar a otimista previs\u00e3o inicial da equipe econ\u00f4mica de Paes, que espera arrecadar R$ 31,2 bilh\u00f5es. Ainda assim a sobra de caixa, na melhor das hip\u00f3teses, seria de R$ 2 bilh\u00f5es, bem diferente do que disse o prefeito ao Valor Econ\u00f4mico.<\/p>\n\n\n\n<p>Como eu n\u00e3o tenho acesso a mais dados, apenas ao Portal da Transpar\u00eancia,&nbsp;talvez possa estar com alguma atualiza\u00e7\u00e3o pendente. Mas \u00e9 importante que se explique esse conceito de caixa. Ser\u00e1 que ele n\u00e3o vai pagar os compromissos j\u00e1 assumidos?&nbsp;De qualquer forma, me assusta um pouco a discrep\u00e2ncia dos n\u00fameros.&nbsp;Reitero: pode ser que eu esteja errado por alguma&nbsp;margem, mas estou utilizando&nbsp;dados oficiais para chegar a esses valores. Ter em caixa 4 bilh\u00f5es n\u00e3o quer dizer que h\u00e1 espa\u00e7o para novos compromissos. Dos R$ 23 bilh\u00f5es empenhados, somente R$ 16,7 bilh\u00f5es foram pagos, mais R$ 1,6 bilh\u00e3o de restos a pagar. Ou seja, o caixa est\u00e1 basicamente comprometido com os valores j\u00e1 empenhados, n\u00e3o liquidados e n\u00e3o pagos ainda.<\/p>\n\n\n\n<p>Fazer ufanismo com as finan\u00e7as pode dar algum benef\u00edcio pol\u00edtico imediato, mas a longo prazo frustra a popula\u00e7\u00e3o, que j\u00e1 n\u00e3o aguenta mais o discurso de que mora em uma \u201cCidade Maravilha\u201d enquanto sofre com a total falta de infraestrutura e servi\u00e7os de p\u00e9ssima qualidade.<\/p>\n\n\n\n<p><\/p>\n\n\n\n<p>Por: Rodrigo Bethlem<\/p>\n","protected":false},"excerpt":{"rendered":"<p>O jornal Valor Econ\u00f4mico publicou uma mat\u00e9ria essa semana em que o prefeito Eduardo Paes diz que vai fechar 2021 com R$ 6 bilh\u00f5es em caixa. A mat\u00e9ria deixa claro que n\u00e3o contabiliza os recursos oriundos da concess\u00e3o da Cedae, aproximadamente R$ 5,5 bilh\u00f5es. Sou curioso e fui apurar alguns n\u00fameros no Portal da Transpar\u00eancia&#8230; <\/p>\n<div class=\"clear\"><\/div>\n<p><a href=\"https:\/\/bbconsultoria.net\/site\/eduardo-paes-e-seu-orcamento-maravilha\/\" class=\"excerpt-read-more\">Read More<\/a><\/p>\n","protected":false},"author":1,"featured_media":6982,"comment_status":"closed","ping_status":"closed","sticky":false,"template":"","format":"standard","meta":{"footnotes":""},"categories":[82],"tags":[105,204,174,141,88],"class_list":["post-6981","post","type-post","status-publish","format-standard","has-post-thumbnail","hentry","category-noticias","tag-eduardo-paes","tag-orcamento-publico","tag-pedro-paulo","tag-prefeitura-do-rio","tag-rio-de-janeiro"],"_links":{"self":[{"href":"https:\/\/bbconsultoria.net\/site\/wp-json\/wp\/v2\/posts\/6981","targetHints":{"allow":["GET"]}}],"collection":[{"href":"https:\/\/bbconsultoria.net\/site\/wp-json\/wp\/v2\/posts"}],"about":[{"href":"https:\/\/bbconsultoria.net\/site\/wp-json\/wp\/v2\/types\/post"}],"author":[{"embeddable":true,"href":"https:\/\/bbconsultoria.net\/site\/wp-json\/wp\/v2\/users\/1"}],"replies":[{"embeddable":true,"href":"https:\/\/bbconsultoria.net\/site\/wp-json\/wp\/v2\/comments?post=6981"}],"version-history":[{"count":1,"href":"https:\/\/bbconsultoria.net\/site\/wp-json\/wp\/v2\/posts\/6981\/revisions"}],"predecessor-version":[{"id":6983,"href":"https:\/\/bbconsultoria.net\/site\/wp-json\/wp\/v2\/posts\/6981\/revisions\/6983"}],"wp:featuredmedia":[{"embeddable":true,"href":"https:\/\/bbconsultoria.net\/site\/wp-json\/wp\/v2\/media\/6982"}],"wp:attachment":[{"href":"https:\/\/bbconsultoria.net\/site\/wp-json\/wp\/v2\/media?parent=6981"}],"wp:term":[{"taxonomy":"category","embeddable":true,"href":"https:\/\/bbconsultoria.net\/site\/wp-json\/wp\/v2\/categories?post=6981"},{"taxonomy":"post_tag","embeddable":true,"href":"https:\/\/bbconsultoria.net\/site\/wp-json\/wp\/v2\/tags?post=6981"}],"curies":[{"name":"wp","href":"https:\/\/api.w.org\/{rel}","templated":true}]}}