{"id":6978,"date":"2021-09-06T07:30:00","date_gmt":"2021-09-06T10:30:00","guid":{"rendered":"https:\/\/bbconsultoria.net\/site\/?p=6978"},"modified":"2021-12-13T13:05:34","modified_gmt":"2021-12-13T16:05:34","slug":"professores-universitarios-voltem-para-as-salas-de-aula","status":"publish","type":"post","link":"https:\/\/bbconsultoria.net\/site\/professores-universitarios-voltem-para-as-salas-de-aula\/","title":{"rendered":"Professores universit\u00e1rios, voltem para as salas de aula!"},"content":{"rendered":"\n<p>H\u00e1 um ano e sete meses, aproximadamente, come\u00e7aram a surgir os primeiros casos de coronav\u00edrus no Brasil. De l\u00e1 pra c\u00e1, talvez, a \u00fanica atividade que ainda n\u00e3o tenha voltado a funcionar sejam as universidades, tanto as p\u00fablicas, como a maioria das privadas.<\/p>\n\n\n\n<p>Ratifico: suspensas desde mar\u00e7o de 2020, as aulas presenciais permaneceram em regime remoto na maioria dos estados brasileiros at\u00e9 setembro de 2021. Isso \u00e9 um verdadeiro absurdo num pa\u00eds que figura entre os piores em \u00edndices de Educa\u00e7\u00e3o do mundo.<\/p>\n\n\n\n<p>No dia 13 de agosto, pesquisadores da UFRJ divulgaram uma an\u00e1lise que leva em conta a tend\u00eancia de aumento de casos de Covid por causa da variante delta, o que, segundo eles, inviabilizaria o retorno normal \u00e0s atividades presenciais na universidade. A verdade \u00e9 que ainda que a vacina\u00e7\u00e3o no Brasil esteja avan\u00e7ando, as institui\u00e7\u00f5es v\u00e3o terminar o ano letivo com o modelo remoto, adiando o retorno presencial s\u00f3 em 2022.<\/p>\n\n\n\n<p>Agora, pergunto: um professor tem menos ou mais risco de contrair Covid do que um motorista de BRT que transporta mais de 200 pessoas, por viagem?<br>Vou al\u00e9m: um professor tem mais risco de contrair Covid do que um atendente de supermercado , que nunca parou de trabalhar, em momento algum da pandemia?<\/p>\n\n\n\n<p>Antes de pensar nas respostas, atente para essa informa\u00e7\u00e3o: os professores foram uma das primeiras categorias a receber a vacina.<\/p>\n\n\n\n<p>Dito isso, s\u00f3 d\u00e1 para avaliar esse cen\u00e1rio como uma vergonha que n\u00e3o podemos mais admitir aqui no Brasil. Principalmente, nas universidades p\u00fablicas, que custam muito dinheiro dos nossos impostos.<\/p>\n\n\n\n<p>Saiba: as faculdades p\u00fablicas situadas no Rio de Janeiro consomem, aproximadamente, sete bilh\u00f5es de reais por ano. Esse \u00e9 o or\u00e7amento das cidades de Niter\u00f3i e Caxias somados.<\/p>\n\n\n\n<p>S\u00f3 nos resta apelar: Professores, voltem para as salas de aula!<\/p>\n\n\n\n<p><\/p>\n\n\n\n<p>Por: Rodrigo Bethlem<\/p>\n","protected":false},"excerpt":{"rendered":"<p>H\u00e1 um ano e sete meses, aproximadamente, come\u00e7aram a surgir os primeiros casos de coronav\u00edrus no Brasil. De l\u00e1 pra c\u00e1, talvez, a \u00fanica atividade que ainda n\u00e3o tenha voltado a funcionar sejam as universidades, tanto as p\u00fablicas, como a maioria das privadas. Ratifico: suspensas desde mar\u00e7o de 2020, as aulas presenciais permaneceram em regime&#8230; <\/p>\n<div class=\"clear\"><\/div>\n<p><a href=\"https:\/\/bbconsultoria.net\/site\/professores-universitarios-voltem-para-as-salas-de-aula\/\" class=\"excerpt-read-more\">Read More<\/a><\/p>\n","protected":false},"author":1,"featured_media":6979,"comment_status":"closed","ping_status":"closed","sticky":false,"template":"","format":"standard","meta":{"footnotes":""},"categories":[82],"tags":[201,88,155,203,202],"class_list":["post-6978","post","type-post","status-publish","format-standard","has-post-thumbnail","hentry","category-noticias","tag-professores-voltem-para-sala-de-aula","tag-rio-de-janeiro","tag-ufrj","tag-universidades","tag-volta-as-aulas"],"_links":{"self":[{"href":"https:\/\/bbconsultoria.net\/site\/wp-json\/wp\/v2\/posts\/6978","targetHints":{"allow":["GET"]}}],"collection":[{"href":"https:\/\/bbconsultoria.net\/site\/wp-json\/wp\/v2\/posts"}],"about":[{"href":"https:\/\/bbconsultoria.net\/site\/wp-json\/wp\/v2\/types\/post"}],"author":[{"embeddable":true,"href":"https:\/\/bbconsultoria.net\/site\/wp-json\/wp\/v2\/users\/1"}],"replies":[{"embeddable":true,"href":"https:\/\/bbconsultoria.net\/site\/wp-json\/wp\/v2\/comments?post=6978"}],"version-history":[{"count":1,"href":"https:\/\/bbconsultoria.net\/site\/wp-json\/wp\/v2\/posts\/6978\/revisions"}],"predecessor-version":[{"id":6980,"href":"https:\/\/bbconsultoria.net\/site\/wp-json\/wp\/v2\/posts\/6978\/revisions\/6980"}],"wp:featuredmedia":[{"embeddable":true,"href":"https:\/\/bbconsultoria.net\/site\/wp-json\/wp\/v2\/media\/6979"}],"wp:attachment":[{"href":"https:\/\/bbconsultoria.net\/site\/wp-json\/wp\/v2\/media?parent=6978"}],"wp:term":[{"taxonomy":"category","embeddable":true,"href":"https:\/\/bbconsultoria.net\/site\/wp-json\/wp\/v2\/categories?post=6978"},{"taxonomy":"post_tag","embeddable":true,"href":"https:\/\/bbconsultoria.net\/site\/wp-json\/wp\/v2\/tags?post=6978"}],"curies":[{"name":"wp","href":"https:\/\/api.w.org\/{rel}","templated":true}]}}