{"id":6975,"date":"2021-08-29T20:30:00","date_gmt":"2021-08-29T23:30:00","guid":{"rendered":"https:\/\/bbconsultoria.net\/site\/?p=6975"},"modified":"2021-12-13T12:56:22","modified_gmt":"2021-12-13T15:56:22","slug":"o-cenario-politico-para-2022-no-estado","status":"publish","type":"post","link":"https:\/\/bbconsultoria.net\/site\/o-cenario-politico-para-2022-no-estado\/","title":{"rendered":"O cen\u00e1rio pol\u00edtico para 2022 no estado"},"content":{"rendered":"\n<p>H\u00e1 um ano do in\u00edcio do processo eleitoral, o que come\u00e7a a se desenhar \u00e9 uma polariza\u00e7\u00e3o entre o governador Cl\u00e1udio Castro, que \u00e9 candidato \u00e0 reelei\u00e7\u00e3o, e o candidato do maior visibilidade \u00e0 esquerda, Marcelo Freixo.<br><br>Nesse sentido, a \u00faltima pesquisa do instituto IDEA, publicada pela revista EXAME, mostra um pouco desse cen\u00e1rio.<br><br>Os dados mostram Marcelo Freixo com 22% e Cl\u00e1udio Castro com 21%. Al\u00e9m disso, inclu\u00edram o nome do prefeito Eduardo Paes, apesar do pr\u00f3prio j\u00e1 ter anunciado que n\u00e3o \u00e9 candidato, e a inten\u00e7\u00e3o de votos para ele \u00e9 de 16%.<br><br>Mais atr\u00e1s vem o candidato Rodrigo Neves com 7%. Com isso, esses seriam os quatros primeiros colocados.<br><br>Evidencia-se que o Surpreendente nessa pesquisa \u00e9 a coloca\u00e7\u00e3o baixa na inten\u00e7\u00e3o de votos do prefeito Eduardo Paes, j\u00e1 que acabou de ser eleito no Rio, e est\u00e1 tento uma grande visibilidade, assim como todos os prefeitos do Brasil devido \u00e0 vacina\u00e7\u00e3o.<br><br>Tanto Marcelo Freixo, quanto Cl\u00e1udio Castro,\u00a0 que lideram a pesquisa, possuem cada um as suas fragilidades. Isso porqu\u00ea, Freixo vai ter que se livrar do estigma de bandeiras que, certamente, o impedem de ser um candidato competitivo no segundo turno. Bandeiras essas que afetam o eleitorado mais conservador, como a libera\u00e7\u00e3o de drogas, a defesa dos direitos humanos para pessoas que cometeram crimes, abortos e etc.\u00a0<br><br>Vai ter, tamb\u00e9m, o desafio de unir a esquerda, o que n\u00e3o deve ser tarefa simples. Afinal, desde a \u00faltima semana, o pr\u00f3prio presidente do PT deu declara\u00e7\u00f5es antag\u00f4nicas a essa uni\u00e3o.<br><br>Por outro lado, o governador Cl\u00e1udio Castro vai ter o desafio de ser tornar mais popular, pois ainda \u00e9 um candidato pouco conhecido do eleitorado. E, justamente, por isso at\u00e9 surpreende seus \u00edndices neste momento, h\u00e1 um ano da corrida eleitoral.<br><br>Esse cen\u00e1rio demandar\u00e1 dele um esfor\u00e7o muito grande de comunica\u00e7\u00e3o e de agendas com prefeitos, que s\u00e3o atores pol\u00edticos fundamentais para que essa taxa de conhecimento cheguem a n\u00edveis importantes.<br><br>Sinceramente,\u00a0 n\u00e3o vejo, a n\u00e3o ser que surja um fato muito relevante, grandes novidades no processo eleitoral ano que vem.<br><br>O Eduardo Paes, que poderia romper um pouco da polariza\u00e7\u00e3o, al\u00e9m de dizer que n\u00e3o \u00e9 candidato,\u00a0 j\u00e1 aparece com \u00edndice abaixo que os dois primeiros.<br><br>Al\u00e9m disso, o General Mour\u00e3o j\u00e1 declarou publicamente n\u00e3o ser candidato, ou seja, dificilmente a elei\u00e7\u00e3o se desenhar\u00e1 do que estamos vendo hoje.<\/p>\n\n\n\n<p><\/p>\n\n\n\n<p>Por Rodrigo Bethlem<\/p>\n\n\n\n<p><\/p>\n","protected":false},"excerpt":{"rendered":"<p>H\u00e1 um ano do in\u00edcio do processo eleitoral, o que come\u00e7a a se desenhar \u00e9 uma polariza\u00e7\u00e3o entre o governador Cl\u00e1udio Castro, que \u00e9 candidato \u00e0 reelei\u00e7\u00e3o, e o candidato do maior visibilidade \u00e0 esquerda, Marcelo Freixo. Nesse sentido, a \u00faltima pesquisa do instituto IDEA, publicada pela revista EXAME, mostra um pouco desse cen\u00e1rio. Os&#8230; <\/p>\n<div class=\"clear\"><\/div>\n<p><a href=\"https:\/\/bbconsultoria.net\/site\/o-cenario-politico-para-2022-no-estado\/\" class=\"excerpt-read-more\">Read More<\/a><\/p>\n","protected":false},"author":1,"featured_media":6976,"comment_status":"closed","ping_status":"closed","sticky":false,"template":"","format":"standard","meta":{"footnotes":""},"categories":[82],"tags":[197,199,105,195,194,200,196,88,198],"class_list":["post-6975","post","type-post","status-publish","format-standard","has-post-thumbnail","hentry","category-noticias","tag-cenario-politico-para-2022","tag-claudio-castro-2","tag-eduardo-paes","tag-governador-do-estado-do-rio","tag-governador-do-rj","tag-marcelo-freixo","tag-pesquisa-eleitoral","tag-rio-de-janeiro","tag-rodrigo-neves"],"_links":{"self":[{"href":"https:\/\/bbconsultoria.net\/site\/wp-json\/wp\/v2\/posts\/6975","targetHints":{"allow":["GET"]}}],"collection":[{"href":"https:\/\/bbconsultoria.net\/site\/wp-json\/wp\/v2\/posts"}],"about":[{"href":"https:\/\/bbconsultoria.net\/site\/wp-json\/wp\/v2\/types\/post"}],"author":[{"embeddable":true,"href":"https:\/\/bbconsultoria.net\/site\/wp-json\/wp\/v2\/users\/1"}],"replies":[{"embeddable":true,"href":"https:\/\/bbconsultoria.net\/site\/wp-json\/wp\/v2\/comments?post=6975"}],"version-history":[{"count":1,"href":"https:\/\/bbconsultoria.net\/site\/wp-json\/wp\/v2\/posts\/6975\/revisions"}],"predecessor-version":[{"id":6977,"href":"https:\/\/bbconsultoria.net\/site\/wp-json\/wp\/v2\/posts\/6975\/revisions\/6977"}],"wp:featuredmedia":[{"embeddable":true,"href":"https:\/\/bbconsultoria.net\/site\/wp-json\/wp\/v2\/media\/6976"}],"wp:attachment":[{"href":"https:\/\/bbconsultoria.net\/site\/wp-json\/wp\/v2\/media?parent=6975"}],"wp:term":[{"taxonomy":"category","embeddable":true,"href":"https:\/\/bbconsultoria.net\/site\/wp-json\/wp\/v2\/categories?post=6975"},{"taxonomy":"post_tag","embeddable":true,"href":"https:\/\/bbconsultoria.net\/site\/wp-json\/wp\/v2\/tags?post=6975"}],"curies":[{"name":"wp","href":"https:\/\/api.w.org\/{rel}","templated":true}]}}