{"id":6969,"date":"2021-08-23T07:35:00","date_gmt":"2021-08-23T10:35:00","guid":{"rendered":"https:\/\/bbconsultoria.net\/site\/?p=6969"},"modified":"2021-12-13T12:42:26","modified_gmt":"2021-12-13T15:42:26","slug":"a-tomada-do-afeganistao-e-um-exemplo-da-falencia-do-mundo-globalista","status":"publish","type":"post","link":"https:\/\/bbconsultoria.net\/site\/a-tomada-do-afeganistao-e-um-exemplo-da-falencia-do-mundo-globalista\/","title":{"rendered":"A tomada do Afeganist\u00e3o \u00e9 um exemplo da fal\u00eancia do mundo globalista"},"content":{"rendered":"\n<p>Esse desastre que est\u00e1 acontecendo no Afeganist\u00e3o, depois de o Talib\u00e3 assumir o controle de Cabul, demonstra claramente a fal\u00eancia e o equ\u00edvoco desse mundo globalista que querem implantar.&nbsp;<\/p>\n\n\n\n<p>Essa nova esquerda est\u00e1 muito preocupada em lacrar e impor suas ideias do mundo da diversidade, do respeito&#8230; S\u00f3 que tudo isso \u00e9 muito bonito no discurso, porque na pr\u00e1tica, vamos assistir uma enorme opress\u00e3o aos direitos das mulheres, LGBTs que poder\u00e3o ser levados a morte, e por a\u00ed vai.&nbsp;<\/p>\n\n\n\n<p>Analise o que aconteceu no Afeganist\u00e3o: quinze dias antes da tomada da capital afeg\u00e3, a preocupa\u00e7\u00e3o dos Estados Unidos era colocar bandeiras LGBTs espalhadas por l\u00e1 para mostrar que o Afeganist\u00e3o \u00e9 um pa\u00eds que aceita a diversidade.&nbsp;<\/p>\n\n\n\n<p>E o que aconteceu? O Talib\u00e3 tomou Cabul no domingo (15\/08\/2021), 20 anos ap\u00f3s o grupo extremista ser expulso por tropas dos EUA. Hoje, afeg\u00e3os LGBT provavelmente ser\u00e3o levados \u00e0 morte. Essa \u00e9 a realidade atual no pa\u00eds. Nunca foi f\u00e1cil ser mulher no Afeganist\u00e3o, imagina ser gay ou transg\u00eanero!? Pessoas est\u00e3o encarando a fuga de forma a arriscar suas vidas para n\u00e3o encarar a doutrina ou morte nas m\u00e3os do Talib\u00e3.<\/p>\n\n\n\n<p>Ap\u00f3s a retirada completa das tropas internacionais, os isl\u00e2micos est\u00e3o em ascens\u00e3o e \u00e9 bem prov\u00e1vel que a vers\u00e3o mais radical da sharia (lei isl\u00e2mica) seja a que o Talib\u00e3 aplicar\u00e1 no pa\u00eds.<\/p>\n\n\n\n<p>O ex-presidente Donald Trump era dito como malvado, fac\u00ednora, ignorante, intolerante, mas esse desastre que vai acontecer no Afeganist\u00e3o, est\u00e1 ocorrendo justamente na gest\u00e3o de Joe Biden, o governo dos tolerantes, dos bacaninhas, dos legais e por a\u00ed vai.<\/p>\n\n\n\n<p>O discurso empolga, mas o que define a vida das pessoas, s\u00e3o as pr\u00e1ticas governamentais, que muitas vezes n\u00e3o se enquadram no \u201cpoliticamente correto\u201d, mas ao longo do tempo s\u00e3o as que se mostram corretas.<\/p>\n\n\n\n<p><\/p>\n\n\n\n<p>Por: Rodrigo Bethlem<\/p>\n","protected":false},"excerpt":{"rendered":"<p>Esse desastre que est\u00e1 acontecendo no Afeganist\u00e3o, depois de o Talib\u00e3 assumir o controle de Cabul, demonstra claramente a fal\u00eancia e o equ\u00edvoco desse mundo globalista que querem implantar.&nbsp; Essa nova esquerda est\u00e1 muito preocupada em lacrar e impor suas ideias do mundo da diversidade, do respeito&#8230; S\u00f3 que tudo isso \u00e9 muito bonito no&#8230; <\/p>\n<div class=\"clear\"><\/div>\n<p><a href=\"https:\/\/bbconsultoria.net\/site\/a-tomada-do-afeganistao-e-um-exemplo-da-falencia-do-mundo-globalista\/\" class=\"excerpt-read-more\">Read More<\/a><\/p>\n","protected":false},"author":1,"featured_media":6970,"comment_status":"closed","ping_status":"closed","sticky":false,"template":"","format":"standard","meta":{"footnotes":""},"categories":[82],"tags":[189,186,191,190,188,187,185],"class_list":["post-6969","post","type-post","status-publish","format-standard","has-post-thumbnail","hentry","category-noticias","tag-donald-trump","tag-globalistas","tag-joe-biden","tag-praticas-governamentais","tag-taliba","tag-terroristas","tag-tomada-do-afeganistao"],"_links":{"self":[{"href":"https:\/\/bbconsultoria.net\/site\/wp-json\/wp\/v2\/posts\/6969","targetHints":{"allow":["GET"]}}],"collection":[{"href":"https:\/\/bbconsultoria.net\/site\/wp-json\/wp\/v2\/posts"}],"about":[{"href":"https:\/\/bbconsultoria.net\/site\/wp-json\/wp\/v2\/types\/post"}],"author":[{"embeddable":true,"href":"https:\/\/bbconsultoria.net\/site\/wp-json\/wp\/v2\/users\/1"}],"replies":[{"embeddable":true,"href":"https:\/\/bbconsultoria.net\/site\/wp-json\/wp\/v2\/comments?post=6969"}],"version-history":[{"count":1,"href":"https:\/\/bbconsultoria.net\/site\/wp-json\/wp\/v2\/posts\/6969\/revisions"}],"predecessor-version":[{"id":6971,"href":"https:\/\/bbconsultoria.net\/site\/wp-json\/wp\/v2\/posts\/6969\/revisions\/6971"}],"wp:featuredmedia":[{"embeddable":true,"href":"https:\/\/bbconsultoria.net\/site\/wp-json\/wp\/v2\/media\/6970"}],"wp:attachment":[{"href":"https:\/\/bbconsultoria.net\/site\/wp-json\/wp\/v2\/media?parent=6969"}],"wp:term":[{"taxonomy":"category","embeddable":true,"href":"https:\/\/bbconsultoria.net\/site\/wp-json\/wp\/v2\/categories?post=6969"},{"taxonomy":"post_tag","embeddable":true,"href":"https:\/\/bbconsultoria.net\/site\/wp-json\/wp\/v2\/tags?post=6969"}],"curies":[{"name":"wp","href":"https:\/\/api.w.org\/{rel}","templated":true}]}}