{"id":6966,"date":"2021-08-16T10:01:00","date_gmt":"2021-08-16T13:01:00","guid":{"rendered":"https:\/\/bbconsultoria.net\/site\/?p=6966"},"modified":"2021-08-19T10:03:42","modified_gmt":"2021-08-19T13:03:42","slug":"o-que-define-uma-eleicao-presidencial-e-a-economia-estupido","status":"publish","type":"post","link":"https:\/\/bbconsultoria.net\/site\/o-que-define-uma-eleicao-presidencial-e-a-economia-estupido\/","title":{"rendered":"\u201cO que define uma elei\u00e7\u00e3o presidencial \u00e9 a Economia, est\u00fapido!\u201d"},"content":{"rendered":"\n<p>Essa frase foi dita, em 1992, por James Carville, estrategista do ex-presidente americano, Bill Clinton, candidato \u00e0 reelei\u00e7\u00e3o, na \u00e9poca. Clinton venceu com larga margem, mesmo estando envolvido num esc\u00e2ndalo sexual com a estagi\u00e1ria da Casa Branca, Monica Lewinsky, que levou \u00e0 abertura de um processo de impeachment contra ele.<\/p>\n\n\n\n<p>Apenas para relembrar o cen\u00e1rio, vale dizer que Clinton tornou-se o segundo presidente norte-americano a sofrer um processo de impeachment, \u2013 o primeiro foi Richard Nixon em 1974. Acabou sendo absolvido pelo Senado. Foi o terceiro mais novo presidente dos EUA. Ao deixar o cargo, recebeu as mais altas taxas de aprova\u00e7\u00e3o para um presidente na hist\u00f3ria moderna dos Estados Unidos \u2013 58% de imagem positiva.<\/p>\n\n\n\n<p>Agora, vamos olhar para o Brasil. Muitos analistas e jornalistas erram quando acham que o bombardeio desta CPI da Covid, que passa dia e noite nas TVs, ou um suposto ataque \u00e0 democracia feito pelo presidente Bolsonaro, estejam levando-o presidente a perder popularidade e o Lula avan\u00e7ar nas pesquisas. Ratifico: \u00e9 um erro crasso essa an\u00e1lise.<\/p>\n\n\n\n<p>Quem tem causado essa diferen\u00e7a \u00e9, principalmente, a popula\u00e7\u00e3o mais pobre, onde o Lula tem liderado com larga margem em todo o Brasil. Afinal, as dificuldades econ\u00f4micas, a carestia e a infla\u00e7\u00e3o t\u00eam sido muito altas nos \u00faltimos meses. Bolsonaro ainda lidera na classe m\u00e9dia, dentre os que possuem renda maior, mas n\u00e3o podemos negar que quem realmente elege, quem faz a diferen\u00e7a nas urnas s\u00e3o os mais pobres, que representam a massa de eleitores no pa\u00eds. E esses, realmente, t\u00eam passado por per\u00edodos de muitas dificuldades.<\/p>\n\n\n\n<p>O d\u00f3lar e as commodities est\u00e3o em alta. O d\u00f3lar sempre caiu no Brasil quando as commodities sobem no mercado internacional, estimulado pelas exporta\u00e7\u00f5es, mas n\u00e3o \u00e9 o que est\u00e1 acontecendo. Os consumidores brasileiros est\u00e3o tendo que arcar com o d\u00f3lar mais alto, ao mesmo tempo em que os pre\u00e7os de produtos b\u00e1sicos da alimenta\u00e7\u00e3o e da ind\u00fastria tamb\u00e9m est\u00e3o subindo no mercado internacional. Ou seja, o g\u00e1s de cozinha, o arroz, o feij\u00e3o, a carne, est\u00e3o custando muito para o padr\u00e3o de consumo dos trabalhadores mais pobres.<\/p>\n\n\n\n<p>Como tenho dito: \u00e9 exatamente a\u00ed que reside o problema do presidente Bolsonaro. Ele tem um ministro da Economia que n\u00e3o consegue ter essa vis\u00e3o de Brasil e, certamente, ser\u00e1 seu grande empecilho numa poss\u00edvel reelei\u00e7\u00e3o.<\/p>\n\n\n\n<p>Ainda a tempo de corrigir o rumo. Requer humildade e dedica\u00e7\u00e3o para a mudan\u00e7a. Reduzir o pre\u00e7o dos alimentos e investir em infra estrutura seria um bom come\u00e7o.<\/p>\n\n\n\n<p>Por: Rodrigo Bethlem<\/p>\n","protected":false},"excerpt":{"rendered":"<p>Essa frase foi dita, em 1992, por James Carville, estrategista do ex-presidente americano, Bill Clinton, candidato \u00e0 reelei\u00e7\u00e3o, na \u00e9poca. Clinton venceu com larga margem, mesmo estando envolvido num esc\u00e2ndalo sexual com a estagi\u00e1ria da Casa Branca, Monica Lewinsky, que levou \u00e0 abertura de um processo de impeachment contra ele. Apenas para relembrar o cen\u00e1rio,&#8230; <\/p>\n<div class=\"clear\"><\/div>\n<p><a href=\"https:\/\/bbconsultoria.net\/site\/o-que-define-uma-eleicao-presidencial-e-a-economia-estupido\/\" class=\"excerpt-read-more\">Read More<\/a><\/p>\n","protected":false},"author":1,"featured_media":6861,"comment_status":"closed","ping_status":"closed","sticky":false,"template":"","format":"standard","meta":{"footnotes":""},"categories":[82],"tags":[179,182,181,183,123,84,184],"class_list":["post-6966","post","type-post","status-publish","format-standard","has-post-thumbnail","hentry","category-noticias","tag-bolsonaro","tag-dolar","tag-economia","tag-inflacao","tag-paulo-guedes","tag-rodrigo-bethlem","tag-trabalhadores"],"_links":{"self":[{"href":"https:\/\/bbconsultoria.net\/site\/wp-json\/wp\/v2\/posts\/6966","targetHints":{"allow":["GET"]}}],"collection":[{"href":"https:\/\/bbconsultoria.net\/site\/wp-json\/wp\/v2\/posts"}],"about":[{"href":"https:\/\/bbconsultoria.net\/site\/wp-json\/wp\/v2\/types\/post"}],"author":[{"embeddable":true,"href":"https:\/\/bbconsultoria.net\/site\/wp-json\/wp\/v2\/users\/1"}],"replies":[{"embeddable":true,"href":"https:\/\/bbconsultoria.net\/site\/wp-json\/wp\/v2\/comments?post=6966"}],"version-history":[{"count":1,"href":"https:\/\/bbconsultoria.net\/site\/wp-json\/wp\/v2\/posts\/6966\/revisions"}],"predecessor-version":[{"id":6967,"href":"https:\/\/bbconsultoria.net\/site\/wp-json\/wp\/v2\/posts\/6966\/revisions\/6967"}],"wp:featuredmedia":[{"embeddable":true,"href":"https:\/\/bbconsultoria.net\/site\/wp-json\/wp\/v2\/media\/6861"}],"wp:attachment":[{"href":"https:\/\/bbconsultoria.net\/site\/wp-json\/wp\/v2\/media?parent=6966"}],"wp:term":[{"taxonomy":"category","embeddable":true,"href":"https:\/\/bbconsultoria.net\/site\/wp-json\/wp\/v2\/categories?post=6966"},{"taxonomy":"post_tag","embeddable":true,"href":"https:\/\/bbconsultoria.net\/site\/wp-json\/wp\/v2\/tags?post=6966"}],"curies":[{"name":"wp","href":"https:\/\/api.w.org\/{rel}","templated":true}]}}