{"id":6963,"date":"2021-08-08T09:57:00","date_gmt":"2021-08-08T12:57:00","guid":{"rendered":"https:\/\/bbconsultoria.net\/site\/?p=6963"},"modified":"2021-08-19T10:01:11","modified_gmt":"2021-08-19T13:01:11","slug":"precisamos-de-mais-bombeiros-e-menos-incendiarios","status":"publish","type":"post","link":"https:\/\/bbconsultoria.net\/site\/precisamos-de-mais-bombeiros-e-menos-incendiarios\/","title":{"rendered":"Precisamos de mais bombeiros e menos incendi\u00e1rios"},"content":{"rendered":"\n<p>O Brasil vive um momento de grande tens\u00e3o. A rela\u00e7\u00e3o inst\u00e1vel do presidente Jair Bolsonaro com o Judici\u00e1rio tem como pano de fundo inqu\u00e9ritos e a\u00e7\u00f5es contra ele no STF&nbsp;e no TSE. Por\u00e9m, se por um lado, existem excessos do presidente da Rep\u00fablica, por outro lado, o que tem ocorrido com as tomadas de decis\u00f5es cont\u00ednuas de ministros do supremo tem sido uma verdadeira aberra\u00e7\u00e3o jur\u00eddica.&nbsp;E o que espanta: sem nenhum tipo de contesta\u00e7\u00e3o por parte de juristas, jornalistas conceituados e, principalmente, da OAB.<\/p>\n\n\n\n<p>Todo ministro do Supremo pode se sentir ofendido e deve tomar provid\u00eancias duras contra os ofensores, mas existem no C\u00f3digo Penal, formas de fazer isso.<\/p>\n\n\n\n<p>Nesta semana, Bolsonaro foi inclu\u00eddo em mais um procedimento: o Tribunal Superior Eleitoral abriu, por unanimidade, inqu\u00e9rito contra Bolsonaro pelas fake news contra as urnas eletr\u00f4nicas. E enviou ao STF, em decis\u00e3o tamb\u00e9m un\u00e2nime, not\u00edcia-crime contra o presidente O ministro Alexandre de Moraes, do Supremo, imediatamente transformou Bolsonaro em investigado.&nbsp;<\/p>\n\n\n\n<p>No inqu\u00e9rito aberto, Moraes, que tamb\u00e9m \u00e9 v\u00edtima, faz o papel do promotor e o do juiz, uma aberra\u00e7\u00e3o jur\u00eddica, que n\u00e3o poderia ser feita por nenhum magistrado, de nenhuma inst\u00e2ncia, seja pelo motivo mais nobre que for, quanto mais por um ministro do supremo, guardi\u00e3o da Constitui\u00e7\u00e3o.<\/p>\n\n\n\n<p>Para casos de crime de difama\u00e7\u00e3o e cal\u00fania existe a devida puni\u00e7\u00e3o, e at\u00e9 repara\u00e7\u00e3o financeira. A verdade \u00e9 que h\u00e1 v\u00e1rios instrumentos que podem ser utilizados para que haja uma devida corre\u00e7\u00e3o da ofensa ou da injuria feita por algu\u00e9m.<\/p>\n\n\n\n<p>O que n\u00e3o d\u00e1 \u00e9 tratar isso como um inqu\u00e9rito do fim do mundo, que n\u00e3o termina nunca e v\u00e3o sendo enxertados todos os inimigos ali dentro. Esse procedimento \u00e9 algo que muitos regimes totalit\u00e1rios teriam vergonha de fazer.<\/p>\n\n\n\n<p>Cabe aqui uma ressalva: n\u00e3o contesto o presidente por ter as suas desconfian\u00e7as em rela\u00e7\u00e3o a um sistema que j\u00e1 est\u00e1 mais do que comprovado n\u00e3o ser t\u00e3o seguro, como afirma o ministro Lu\u00eds Roberto Barroso. Mas, insisto: h\u00e1 formas mais corretas de faze-la.<\/p>\n\n\n\n<p>Est\u00e3o faltando bombeiros no Brasil, e sobrando incendi\u00e1rios.<\/p>\n\n\n\n<p><\/p>\n\n\n\n<p>Fonte: <a href=\"https:\/\/www.jornalcorreiodamanha.com.br\/opiniao\/8793-precisamos-de-mais-bombeiros-e-menos-incendiarios\" data-type=\"URL\" data-id=\"https:\/\/www.jornalcorreiodamanha.com.br\/opiniao\/8793-precisamos-de-mais-bombeiros-e-menos-incendiarios\">Jornal Correio da Manh\u00e3<\/a><\/p>\n","protected":false},"excerpt":{"rendered":"<p>O Brasil vive um momento de grande tens\u00e3o. A rela\u00e7\u00e3o inst\u00e1vel do presidente Jair Bolsonaro com o Judici\u00e1rio tem como pano de fundo inqu\u00e9ritos e a\u00e7\u00f5es contra ele no STF&nbsp;e no TSE. Por\u00e9m, se por um lado, existem excessos do presidente da Rep\u00fablica, por outro lado, o que tem ocorrido com as tomadas de decis\u00f5es&#8230; <\/p>\n<div class=\"clear\"><\/div>\n<p><a href=\"https:\/\/bbconsultoria.net\/site\/precisamos-de-mais-bombeiros-e-menos-incendiarios\/\" class=\"excerpt-read-more\">Read More<\/a><\/p>\n","protected":false},"author":1,"featured_media":6964,"comment_status":"closed","ping_status":"closed","sticky":false,"template":"","format":"standard","meta":{"footnotes":""},"categories":[82],"tags":[179,178,180,84,109],"class_list":["post-6963","post","type-post","status-publish","format-standard","has-post-thumbnail","hentry","category-noticias","tag-bolsonaro","tag-incendiario","tag-ministros","tag-rodrigo-bethlem","tag-stf"],"_links":{"self":[{"href":"https:\/\/bbconsultoria.net\/site\/wp-json\/wp\/v2\/posts\/6963","targetHints":{"allow":["GET"]}}],"collection":[{"href":"https:\/\/bbconsultoria.net\/site\/wp-json\/wp\/v2\/posts"}],"about":[{"href":"https:\/\/bbconsultoria.net\/site\/wp-json\/wp\/v2\/types\/post"}],"author":[{"embeddable":true,"href":"https:\/\/bbconsultoria.net\/site\/wp-json\/wp\/v2\/users\/1"}],"replies":[{"embeddable":true,"href":"https:\/\/bbconsultoria.net\/site\/wp-json\/wp\/v2\/comments?post=6963"}],"version-history":[{"count":1,"href":"https:\/\/bbconsultoria.net\/site\/wp-json\/wp\/v2\/posts\/6963\/revisions"}],"predecessor-version":[{"id":6965,"href":"https:\/\/bbconsultoria.net\/site\/wp-json\/wp\/v2\/posts\/6963\/revisions\/6965"}],"wp:featuredmedia":[{"embeddable":true,"href":"https:\/\/bbconsultoria.net\/site\/wp-json\/wp\/v2\/media\/6964"}],"wp:attachment":[{"href":"https:\/\/bbconsultoria.net\/site\/wp-json\/wp\/v2\/media?parent=6963"}],"wp:term":[{"taxonomy":"category","embeddable":true,"href":"https:\/\/bbconsultoria.net\/site\/wp-json\/wp\/v2\/categories?post=6963"},{"taxonomy":"post_tag","embeddable":true,"href":"https:\/\/bbconsultoria.net\/site\/wp-json\/wp\/v2\/tags?post=6963"}],"curies":[{"name":"wp","href":"https:\/\/api.w.org\/{rel}","templated":true}]}}