{"id":6957,"date":"2021-07-26T10:35:00","date_gmt":"2021-07-26T13:35:00","guid":{"rendered":"https:\/\/bbconsultoria.net\/site\/?p=6957"},"modified":"2021-07-27T15:41:43","modified_gmt":"2021-07-27T18:41:43","slug":"cade-o-deficit-da-prefeitura-de-r-10-bilhoes-anunciados-por-pedro-paulo","status":"publish","type":"post","link":"https:\/\/bbconsultoria.net\/site\/cade-o-deficit-da-prefeitura-de-r-10-bilhoes-anunciados-por-pedro-paulo\/","title":{"rendered":"Cad\u00ea o d\u00e9ficit da Prefeitura de R$ 10 bilh\u00f5es anunciados por Pedro Paulo?"},"content":{"rendered":"\n<p>No fim de 2020, o deputado federal Pedro Paulo, atual secret\u00e1rio de Fazenda do Munic\u00edpio, anunciou que o cofre da Prefeitura tinha um d\u00e9ficit de R$10 bilh\u00f5es de reais.<\/p>\n\n\n\n<p>Agora, passados, apenas, seis meses de governo, o prefeito e ele anunciam que as contas est\u00e3o no azul, que o problema do d\u00e9ficit est\u00e1 sanado.<\/p>\n\n\n\n<p>Que maravilha seria esse cen\u00e1rio, por\u00e9m \u00e9 dif\u00edcil acreditar que seja real. Observem que coisa interessante: o Rio de Janeiro arrecadou, no primeiro semestre de 2021, R$16.957 bilh\u00f5es, ou seja, aproximadamente 17 bilh\u00f5es de reais.<\/p>\n\n\n\n<p>Basicamente, 90% desse montante s\u00e3o recursos comprometidos, ou seja, \u00e9 dinheiro para pagar sal\u00e1rios, encargos, fundos espec\u00edficos, como Sa\u00fade e Educa\u00e7\u00e3o. Isso quer dizer que o prefeito n\u00e3o tem como cortar ou contingenciar nenhum real desse valor.<\/p>\n\n\n\n<p>Ent\u00e3o, na verdade, sobram R$ 1,7 bilh\u00e3o do que foi arrecadado. Explico: esse \u00e9 o valor que fica livre para o prefeito manusear, remanejar. Ou seja, esse dinheiro pode e deve ser usado para custeio da m\u00e1quina, para fazer a Prefeitura funcionar, com servi\u00e7os tipo tapa-buraco, combust\u00edvel para carros oficiais e por a\u00ed vai. Mesmo que ele tivesse contingenciado tudo, seriam R $1,7 bilh\u00e3o.<br><br>Pergunto: como ele conseguiu pagar 10 bilh\u00f5es, tendo apenas 1,7 bilh\u00e3o? N\u00e3o precisa ser nenhum g\u00eanio da Matem\u00e1tica para perceber que essa conta n\u00e3o fecha!<br>A conclus\u00e3o \u00e9 simples: ou essa conta n\u00e3o foi paga e a Prefeitura n\u00e3o est\u00e1 no azul, ou esses 10 bilh\u00f5es de d\u00e9ficit nunca existiram.<br><br>E vou al\u00e9m. Existe muito marketing para vender uma gest\u00e3o financeira fabulosa. A verdade n\u00e3o \u00e9 bem essa.<br>Vejam os dados sobre os dois principais impostos da cidade, o IPTU e o ISS. No primeiro semestre deste ano, o IPTU arrecadou R$ 2.547 bilh\u00f5es de reais. Isso corresponde a um aumento, em rela\u00e7\u00e3o ao primeiro semestre de 2020, quando tudo estava fechado, em lockdown, um aumento nominal de 7,7%.<br>Se descontar a infla\u00e7\u00e3o do IPCA, esse aumento real vai para, aproximadamente, 3%.<br><br>A arrecada\u00e7\u00e3o com ISS em 2021 foi de R$ 2,913 bilh\u00f5es. Se compararmos ao primeiro semestre do ano passado, o aumento nominal \u00e9 de, aproximadamente, 9%. Descontada a infla\u00e7\u00e3o, cai para 4\/ 4,5%.<br><br>Como a atividade econ\u00f4mica estava totalmente parada no primeiro semestre, esse aumento \u00e9 irris\u00f3rio.<br><br>No governo federal, a arrecada\u00e7\u00e3o do primeiro semestre de 2021, na compara\u00e7\u00e3o com o primeiro semestre de 2020, o aumento real foi de 24.5. Nas contas do governo estadual no mesmo per\u00edodo o aumento foi de 23,2 porcento. Ou seja, o aumento da arrecada\u00e7\u00e3o foi inexpressivo no Munic\u00edpio.<br><br>N\u00e3o se deve fazer publicidade enganosa com o or\u00e7amento municipal. Isso pode gerar desconfian\u00e7a nos investidores, no mercado e nos fornecedores.<\/p>\n\n\n\n<p><\/p>\n\n\n\n<p>Por: Rodrigo Bethlem<\/p>\n\n\n\n<p>Fonte: <a href=\"https:\/\/www.jornalcorreiodamanha.com.br\/opiniao\/8592-cade-o-deficit-da-prefeitura-de-r-10-bilhoes-anunciados-por-pp\" data-type=\"URL\" data-id=\"https:\/\/www.jornalcorreiodamanha.com.br\/opiniao\/8592-cade-o-deficit-da-prefeitura-de-r-10-bilhoes-anunciados-por-pp\">Jornal Correio da Manh\u00e3<\/a><\/p>\n","protected":false},"excerpt":{"rendered":"<p>No fim de 2020, o deputado federal Pedro Paulo, atual secret\u00e1rio de Fazenda do Munic\u00edpio, anunciou que o cofre da Prefeitura tinha um d\u00e9ficit de R$10 bilh\u00f5es de reais. Agora, passados, apenas, seis meses de governo, o prefeito e ele anunciam que as contas est\u00e3o no azul, que o problema do d\u00e9ficit est\u00e1 sanado. Que&#8230; <\/p>\n<div class=\"clear\"><\/div>\n<p><a href=\"https:\/\/bbconsultoria.net\/site\/cade-o-deficit-da-prefeitura-de-r-10-bilhoes-anunciados-por-pedro-paulo\/\" class=\"excerpt-read-more\">Read More<\/a><\/p>\n","protected":false},"author":1,"featured_media":6958,"comment_status":"closed","ping_status":"closed","sticky":false,"template":"","format":"standard","meta":{"footnotes":""},"categories":[82],"tags":[176,173,105,174,172,84,177],"class_list":["post-6957","post","type-post","status-publish","format-standard","has-post-thumbnail","hentry","category-noticias","tag-contas-da-prefeitura","tag-crivella-prefeito","tag-eduardo-paes","tag-pedro-paulo","tag-prefeitura-do-rio-de-janeiro","tag-rodrigo-bethlem","tag-secretaria-de-fazenda-do-rio"],"_links":{"self":[{"href":"https:\/\/bbconsultoria.net\/site\/wp-json\/wp\/v2\/posts\/6957","targetHints":{"allow":["GET"]}}],"collection":[{"href":"https:\/\/bbconsultoria.net\/site\/wp-json\/wp\/v2\/posts"}],"about":[{"href":"https:\/\/bbconsultoria.net\/site\/wp-json\/wp\/v2\/types\/post"}],"author":[{"embeddable":true,"href":"https:\/\/bbconsultoria.net\/site\/wp-json\/wp\/v2\/users\/1"}],"replies":[{"embeddable":true,"href":"https:\/\/bbconsultoria.net\/site\/wp-json\/wp\/v2\/comments?post=6957"}],"version-history":[{"count":1,"href":"https:\/\/bbconsultoria.net\/site\/wp-json\/wp\/v2\/posts\/6957\/revisions"}],"predecessor-version":[{"id":6959,"href":"https:\/\/bbconsultoria.net\/site\/wp-json\/wp\/v2\/posts\/6957\/revisions\/6959"}],"wp:featuredmedia":[{"embeddable":true,"href":"https:\/\/bbconsultoria.net\/site\/wp-json\/wp\/v2\/media\/6958"}],"wp:attachment":[{"href":"https:\/\/bbconsultoria.net\/site\/wp-json\/wp\/v2\/media?parent=6957"}],"wp:term":[{"taxonomy":"category","embeddable":true,"href":"https:\/\/bbconsultoria.net\/site\/wp-json\/wp\/v2\/categories?post=6957"},{"taxonomy":"post_tag","embeddable":true,"href":"https:\/\/bbconsultoria.net\/site\/wp-json\/wp\/v2\/tags?post=6957"}],"curies":[{"name":"wp","href":"https:\/\/api.w.org\/{rel}","templated":true}]}}