{"id":6954,"date":"2021-07-20T10:28:00","date_gmt":"2021-07-20T13:28:00","guid":{"rendered":"https:\/\/bbconsultoria.net\/site\/?p=6954"},"modified":"2021-07-27T15:35:41","modified_gmt":"2021-07-27T18:35:41","slug":"e-um-absurdo-as-instituicoes-federais-de-ensino-ainda-nao-terem-reaberto","status":"publish","type":"post","link":"https:\/\/bbconsultoria.net\/site\/e-um-absurdo-as-instituicoes-federais-de-ensino-ainda-nao-terem-reaberto\/","title":{"rendered":"\u00c9 um absurdo as institui\u00e7\u00f5es federais de ensino ainda n\u00e3o terem reaberto"},"content":{"rendered":"\n<p>Venho, de forma recorrente, falando sobre o absurdo que \u00e9 as institui\u00e7\u00f5es federais de ensino, ainda, n\u00e3o terem voltado a funcionar normalmente. Precisou o Minist\u00e9rio P\u00fablico Federal entrar na hist\u00f3ria para for\u00e7ar as universidades e o Col\u00e9gio Pedro II a reabrirem as portas. O MPF entrou na justi\u00e7a para&nbsp;obrigar estabelecimentos federais de ensino superior e b\u00e1sico no Rio de Janeiro a retornarem \u00e0s aulas presenciais at\u00e9 o pr\u00f3ximo dia 18 de outubro. Para isso, entrou com uma a\u00e7\u00e3o civil p\u00fablica na Justi\u00e7a defendendo a medida por conta da amplia\u00e7\u00e3o da vacina\u00e7\u00e3o no estado.<\/p>\n\n\n\n<p>Mesmo assim, os reitores dessas institui\u00e7\u00f5es se manifestaram contra a a\u00e7\u00e3o civil p\u00fablica do MPF.&nbsp;Eles alegam que a pretens\u00e3o do MPF \u00e9 arbitr\u00e1ria e viola a autonomia das institui\u00e7\u00f5es nos aspectos administrativo, financeiro e did\u00e1tico-cient\u00edfico. Tamb\u00e9m dizem que a medida do MPF n\u00e3o respeita as avalia\u00e7\u00f5es feitas pelas escolas e universidades sobre as condi\u00e7\u00f5es sanit\u00e1rias para o retorno \u00e0s atividades presenciais, uma vez que elas se espalham por v\u00e1rias cidades com quadros diferentes da pandemia.<\/p>\n\n\n\n<p>A meu ver, \u00e9 algo inadmiss\u00edvel essas unidades continuarem resistindo a voltarem \u00e0 realidade.&nbsp; N\u00e3o tem explica\u00e7\u00e3o convincente. Afinal, os professores foram alguns dos primeiros grupos a serem vacinados contra a Covid. Ser\u00e1 que esses profissionais correm mais risco de pegar Coronav\u00edrus&nbsp;do que um motorista de um BRT,&nbsp; que vive&nbsp;superlotado,&nbsp; com mais de 200 cabe\u00e7as dentro?&nbsp;<\/p>\n\n\n\n<p>Vamos observar os dados sobre os or\u00e7amentos dessas institui\u00e7\u00f5es. Vejam s\u00f3 quanto custa cada universidade p\u00fablica federal aqui do Rio de Janeiro, por exemplo.&nbsp;<\/p>\n\n\n\n<p>A Universidade Federal do Rio de Janeiro (UFRJ) tem um or\u00e7amento principal de R$ 3 bilh\u00f5es e 980 milh\u00f5es de reais. Para a&nbsp; Universidade Federal Fluminense (UFF) cabem R$ 2 bilh\u00f5es e 320 milh\u00f5es de reais. E para a&nbsp;Universidade Federal Rural, o repasse \u00e9 de R$ 714 milh\u00f5es de reais.<\/p>\n\n\n\n<p>N\u00e3o tem sentido gastar esse dinheiro todo e&nbsp;continuarem fechadas. E o&nbsp;pior, quando h\u00e1 algum corte or\u00e7ament\u00e1rio&nbsp;v\u00e3o para as ruas protestar em nome da Educa\u00e7\u00e3o.&nbsp; Quanta hipocrisia!&nbsp; A verdade \u00e9 que, em nome da Educa\u00e7\u00e3o, eles continuam n\u00e3o querendo trabalhar.&nbsp;<\/p>\n\n\n\n<p>O Brasil figura entre os piores pa\u00edses em termos de educa\u00e7\u00e3o. O Programa Internacional de Avalia\u00e7\u00e3o de Estudantes (PISA), que avalia o ensino de diversos pa\u00edses do mundo, mais precisamente 75, 80% dos pa\u00edses,&nbsp;bota o Brasil nas \u00faltimas posi\u00e7\u00f5es.<\/p>\n\n\n\n<p>O estudo do Pisa foi criado para saber at\u00e9 que ponto estudantes pr\u00f3ximos a conclu\u00edrem o ensino fundamental adquiriram os conhecimentos e habilidades essenciais para a participa\u00e7\u00e3o na vida social e econ\u00f4mica. A m\u00e9dia brasileira alcan\u00e7ada na avalia\u00e7\u00e3o foi de 413 pontos, enquanto os pa\u00edses-membros da OCDE (Organiza\u00e7\u00e3o para Coopera\u00e7\u00e3o e Desenvolvimento Econ\u00f4mico)&nbsp;atingiram 487.<\/p>\n\n\n\n<p>Esse resultado alerta para a necessidade de se avan\u00e7ar nas pol\u00edticas educacionais do pa\u00eds.&nbsp;Nosso pa\u00eds tinha que ter como prioridade voltar o ensino, de forma presencial, em todos os lugares. Mas, n\u00e3o \u00e9 isso que acontece.&nbsp;<\/p>\n\n\n\n<p>Estamos entre os pa\u00edses que mais demoraram a voltar ao ensino presencial, por conta do verdadeiro absurdo de quem faz da educa\u00e7\u00e3o instrumento de milit\u00e2ncia pol\u00edtica, atrav\u00e9s dos seus sindicatos.<\/p>\n\n\n\n<p>Esse cen\u00e1rio tem que mudar.\u00a0N\u00e3o \u00e9 poss\u00edvel que o Minist\u00e9rio P\u00fablico Federal precise entrar para que as pessoas cumpram a sua obriga\u00e7\u00e3o de ensinar e, principalmente, tirar o Brasil dessa lament\u00e1vel posi\u00e7\u00e3o de aparecer entre os \u00faltimos lugares no ranking de ensino,\u00a0 no mundo.<\/p>\n\n\n\n<p><\/p>\n\n\n\n<p>Por: Rodrigo Bethlem<\/p>\n\n\n\n<p>Fonte: <a href=\"https:\/\/www.jornalcorreiodamanha.com.br\/opiniao\/8592-cade-o-deficit-da-prefeitura-de-r-10-bilhoes-anunciados-por-pp\" data-type=\"URL\" data-id=\"https:\/\/www.jornalcorreiodamanha.com.br\/opiniao\/8592-cade-o-deficit-da-prefeitura-de-r-10-bilhoes-anunciados-por-pp\">Jornal Correio da Manh\u00e3<\/a><\/p>\n","protected":false},"excerpt":{"rendered":"<p>Venho, de forma recorrente, falando sobre o absurdo que \u00e9 as institui\u00e7\u00f5es federais de ensino, ainda, n\u00e3o terem voltado a funcionar normalmente. Precisou o Minist\u00e9rio P\u00fablico Federal entrar na hist\u00f3ria para for\u00e7ar as universidades e o Col\u00e9gio Pedro II a reabrirem as portas. O MPF entrou na justi\u00e7a para&nbsp;obrigar estabelecimentos federais de ensino superior e&#8230; <\/p>\n<div class=\"clear\"><\/div>\n<p><a href=\"https:\/\/bbconsultoria.net\/site\/e-um-absurdo-as-instituicoes-federais-de-ensino-ainda-nao-terem-reaberto\/\" class=\"excerpt-read-more\">Read More<\/a><\/p>\n","protected":false},"author":1,"featured_media":6955,"comment_status":"closed","ping_status":"closed","sticky":false,"template":"","format":"standard","meta":{"footnotes":""},"categories":[82],"tags":[171,170,88,154,168,169],"class_list":["post-6954","post","type-post","status-publish","format-standard","has-post-thumbnail","hentry","category-noticias","tag-cefet","tag-falcudades-publicas","tag-rio-de-janeiro","tag-universidade-federal-do-rio-de-janeiro","tag-universidade-federal-fluminense","tag-universidade-federal-rural-do-rio-de-janeiro"],"_links":{"self":[{"href":"https:\/\/bbconsultoria.net\/site\/wp-json\/wp\/v2\/posts\/6954","targetHints":{"allow":["GET"]}}],"collection":[{"href":"https:\/\/bbconsultoria.net\/site\/wp-json\/wp\/v2\/posts"}],"about":[{"href":"https:\/\/bbconsultoria.net\/site\/wp-json\/wp\/v2\/types\/post"}],"author":[{"embeddable":true,"href":"https:\/\/bbconsultoria.net\/site\/wp-json\/wp\/v2\/users\/1"}],"replies":[{"embeddable":true,"href":"https:\/\/bbconsultoria.net\/site\/wp-json\/wp\/v2\/comments?post=6954"}],"version-history":[{"count":1,"href":"https:\/\/bbconsultoria.net\/site\/wp-json\/wp\/v2\/posts\/6954\/revisions"}],"predecessor-version":[{"id":6956,"href":"https:\/\/bbconsultoria.net\/site\/wp-json\/wp\/v2\/posts\/6954\/revisions\/6956"}],"wp:featuredmedia":[{"embeddable":true,"href":"https:\/\/bbconsultoria.net\/site\/wp-json\/wp\/v2\/media\/6955"}],"wp:attachment":[{"href":"https:\/\/bbconsultoria.net\/site\/wp-json\/wp\/v2\/media?parent=6954"}],"wp:term":[{"taxonomy":"category","embeddable":true,"href":"https:\/\/bbconsultoria.net\/site\/wp-json\/wp\/v2\/categories?post=6954"},{"taxonomy":"post_tag","embeddable":true,"href":"https:\/\/bbconsultoria.net\/site\/wp-json\/wp\/v2\/tags?post=6954"}],"curies":[{"name":"wp","href":"https:\/\/api.w.org\/{rel}","templated":true}]}}