{"id":6948,"date":"2021-07-15T09:56:19","date_gmt":"2021-07-15T12:56:19","guid":{"rendered":"https:\/\/bbconsultoria.net\/site\/?p=6948"},"modified":"2021-07-15T10:39:00","modified_gmt":"2021-07-15T13:39:00","slug":"e-quando-acabar-a-vacinacao-por-rodrigo-bethlem","status":"publish","type":"post","link":"https:\/\/bbconsultoria.net\/site\/e-quando-acabar-a-vacinacao-por-rodrigo-bethlem\/","title":{"rendered":"E quando acabar a vacina\u00e7\u00e3o?"},"content":{"rendered":"\n<h2 class=\"wp-block-heading\">A hora que acabar a vacina\u00e7\u00e3o teremos um estoque muito grande de pessoas que deixaram de ser atendidas nos hospitais p\u00fablicos.<\/h2>\n\n\n\n<p>Vou me antecipar e fazer um alerta porque eu n\u00e3o estou vendo ningu\u00e9m falar disso e \u00e9 algo que preocupa muito.<\/p>\n\n\n\n<p>Ao longo de todos esses meses \u00e9 \u00f3bvio que a vacina\u00e7\u00e3o da popula\u00e7\u00e3o e a interna\u00e7\u00e3o das pessoas que tiveram complica\u00e7\u00f5es da covid-19 deveriam ser prioridade dos governos.<\/p>\n\n\n\n<p>Por\u00e9m, na pr\u00e1tica, o que ocorreu foi a retirada de leitos do atendimento di\u00e1rio para cirurgias eletivas, que foram transformados em leitos de covid. Podemos definir essa estrat\u00e9gia como \u201cdescobriam um santo para cobrir o outro\u201d. Ou ainda, escolheram a solu\u00e7\u00e3o do cobertor curto: puxaram para aquecer os p\u00e9s e a cabe\u00e7a ficou de fora e vice-versa.<\/p>\n\n\n\n<p>Enfim, a conclus\u00e3o desse cen\u00e1rio \u00e9 clara: o secret\u00e1rio de Sa\u00fade do munic\u00edpio do Rio de Janeiro mentia quando dizia que estava abrindo novos leitos. Na verdade, ele estava trocando as plaquinhas.<\/p>\n\n\n\n<p>Explico: o senhor secret\u00e1rio tirava vagas de leitos de ortopedia, por exemplo, e transformava em leito covid. Essa foi a f\u00f3rmula m\u00e1gica que ele encontrou para anunciar que os hospitais da cidade tinham como receber as pessoas que precisavam de interna\u00e7\u00e3o, nos casos graves da doen\u00e7a.<\/p>\n\n\n\n<p>Agora eu quero ver quando acabar esse per\u00edodo cr\u00edtico da pandemia. Se Deus quiser, em agosto ou setembro j\u00e1 teremos praticamente uma imuniza\u00e7\u00e3o de rebanho, com mais de 70% da popula\u00e7\u00e3o vacinada.<\/p>\n\n\n\n<p>Nesse momento, como ser\u00e1 a sa\u00edda? Pois vamos ter um estoque de pessoas aguardando cirurgias ortop\u00e9dicas, de h\u00e9rnias, enfim, de todos os tipos, e a Sa\u00fade n\u00e3o vai dar conta disso. Ser\u00e1 uma quantidade muito grande de pessoas em filas que v\u00e3o demorar dois, tr\u00eas anos para serem reduzidas.<\/p>\n\n\n\n<p>Para tentar minimizar esse futuro colapso, \u00e9 muito importante, desde j\u00e1, haver um planejamento, principalmente das secretarias de Sa\u00fade dos munic\u00edpios, que acabam recebendo essa primeira demanda de emerg\u00eancia. Caso contr\u00e1rio, vamos ter um problema de sa\u00fade ser\u00edssimo.<\/p>\n\n\n\n<p>As pessoas v\u00e3o adoecer e algumas v\u00e3o acabar morrendo por causa dessa estrat\u00e9gia de desviar leitos. A realidade \u00e9 que muita gente deixou de ser tratada porque as vagas que eram destinadas a outras doen\u00e7as, na rotina dos hospitais, para atendimentos ao cidad\u00e3o, foram transformadas em leito de covid.<\/p>\n\n\n\n<p>Por: Rodrigo Bethlem<\/p>\n\n\n\n<p><a href=\"https:\/\/www.tumblr.com\/blog\/view\/rodrigobethlem\/search\/saudepublica\" target=\"_blank\" rel=\"noreferrer noopener\">#saudepublica<\/a>&nbsp;<a href=\"https:\/\/www.tumblr.com\/blog\/view\/rodrigobethlem\/search\/governo\" target=\"_blank\" rel=\"noreferrer noopener\">#governo<\/a>&nbsp;<a href=\"https:\/\/www.tumblr.com\/blog\/view\/rodrigobethlem\/search\/governofederal\" target=\"_blank\" rel=\"noreferrer noopener\">#governofederal<\/a>&nbsp;<a href=\"https:\/\/www.tumblr.com\/blog\/view\/rodrigobethlem\/search\/governoestadual\" target=\"_blank\" rel=\"noreferrer noopener\">#governoestadual<\/a>&nbsp;<a href=\"https:\/\/www.tumblr.com\/blog\/view\/rodrigobethlem\/search\/governomunicipal\" target=\"_blank\" rel=\"noreferrer noopener\">#governomunicipal<\/a>&nbsp;<a href=\"https:\/\/www.tumblr.com\/blog\/view\/rodrigobethlem\/search\/covid19\" target=\"_blank\" rel=\"noreferrer noopener\">#covid19<\/a>&nbsp;<a href=\"https:\/\/www.tumblr.com\/blog\/view\/rodrigobethlem\/search\/coronavirus\" target=\"_blank\" rel=\"noreferrer noopener\">#coronavirus<\/a>&nbsp;<a href=\"https:\/\/www.tumblr.com\/blog\/view\/rodrigobethlem\/search\/cirurgiageral\" target=\"_blank\" rel=\"noreferrer noopener\">#cirurgiageral<\/a>&nbsp;<a href=\"https:\/\/www.tumblr.com\/blog\/view\/rodrigobethlem\/search\/doen%C3%A7as\" target=\"_blank\" rel=\"noreferrer noopener\">#doen\u00e7as<\/a>&nbsp;<a href=\"https:\/\/www.tumblr.com\/blog\/view\/rodrigobethlem\/search\/vacinas\" target=\"_blank\" rel=\"noreferrer noopener\">#vacinas<\/a>&nbsp;<a href=\"https:\/\/www.tumblr.com\/blog\/view\/rodrigobethlem\/search\/vacina%C3%A7%C3%A3o\" target=\"_blank\" rel=\"noreferrer noopener\">#vacina\u00e7\u00e3o<\/a>&nbsp;<a href=\"https:\/\/www.tumblr.com\/blog\/view\/rodrigobethlem\/search\/bolsonaro\" target=\"_blank\" rel=\"noreferrer noopener\">#bolsonaro<\/a>&nbsp;<a href=\"https:\/\/www.tumblr.com\/blog\/view\/rodrigobethlem\/search\/eduardopaes\" target=\"_blank\" rel=\"noreferrer noopener\">#eduardopaes<\/a>&nbsp;<a href=\"https:\/\/www.tumblr.com\/blog\/view\/rodrigobethlem\/search\/prefeituradorio\" target=\"_blank\" rel=\"noreferrer noopener\">#prefeituradorio<\/a>&nbsp;<a href=\"https:\/\/www.tumblr.com\/blog\/view\/rodrigobethlem\/search\/governodorio\" target=\"_blank\" rel=\"noreferrer noopener\">#governodorio<\/a>&nbsp;<a href=\"https:\/\/www.tumblr.com\/blog\/view\/rodrigobethlem\/search\/alertasaude\" target=\"_blank\" rel=\"noreferrer noopener\">#alertasaude<\/a>&nbsp;<a href=\"https:\/\/www.tumblr.com\/blog\/view\/rodrigobethlem\/search\/ministeriodasaude\" target=\"_blank\" rel=\"noreferrer noopener\">#ministeriodasaude<\/a>&nbsp;<a href=\"https:\/\/www.tumblr.com\/blog\/view\/rodrigobethlem\/search\/secretariadesaude\" target=\"_blank\" rel=\"noreferrer noopener\">#secretariadesaude<\/a><\/p>\n\n\n","protected":false},"excerpt":{"rendered":"<p>Ao longo de todos esses meses \u00e9 \u00f3bvio que a vacina\u00e7\u00e3o da popula\u00e7\u00e3o e a interna\u00e7\u00e3o das pessoas que tiveram complica\u00e7\u00f5es da covid-19 deveriam ser prioridade dos governos. Mas vou me antecipar em dizer que a hora que acabar a vacina\u00e7\u00e3o teremos um estoque muito grande de pessoas que deixaram de ser atendidas nos hospitais p\u00fablicos.<\/p>\n","protected":false},"author":1,"featured_media":6951,"comment_status":"closed","ping_status":"closed","sticky":false,"template":"","format":"standard","meta":{"footnotes":""},"categories":[82],"tags":[160,166,165,167,120,161,156],"class_list":["post-6948","post","type-post","status-publish","format-standard","has-post-thumbnail","hentry","category-noticias","tag-astrazeneca","tag-cirurgias","tag-e-quando-a-vacinacao-acabar","tag-quando-volta-as-cirurgias","tag-vacina-para-coronavirus","tag-vacina-pfizer","tag-vacinas-contra-covid-19"],"_links":{"self":[{"href":"https:\/\/bbconsultoria.net\/site\/wp-json\/wp\/v2\/posts\/6948","targetHints":{"allow":["GET"]}}],"collection":[{"href":"https:\/\/bbconsultoria.net\/site\/wp-json\/wp\/v2\/posts"}],"about":[{"href":"https:\/\/bbconsultoria.net\/site\/wp-json\/wp\/v2\/types\/post"}],"author":[{"embeddable":true,"href":"https:\/\/bbconsultoria.net\/site\/wp-json\/wp\/v2\/users\/1"}],"replies":[{"embeddable":true,"href":"https:\/\/bbconsultoria.net\/site\/wp-json\/wp\/v2\/comments?post=6948"}],"version-history":[{"count":2,"href":"https:\/\/bbconsultoria.net\/site\/wp-json\/wp\/v2\/posts\/6948\/revisions"}],"predecessor-version":[{"id":6952,"href":"https:\/\/bbconsultoria.net\/site\/wp-json\/wp\/v2\/posts\/6948\/revisions\/6952"}],"wp:featuredmedia":[{"embeddable":true,"href":"https:\/\/bbconsultoria.net\/site\/wp-json\/wp\/v2\/media\/6951"}],"wp:attachment":[{"href":"https:\/\/bbconsultoria.net\/site\/wp-json\/wp\/v2\/media?parent=6948"}],"wp:term":[{"taxonomy":"category","embeddable":true,"href":"https:\/\/bbconsultoria.net\/site\/wp-json\/wp\/v2\/categories?post=6948"},{"taxonomy":"post_tag","embeddable":true,"href":"https:\/\/bbconsultoria.net\/site\/wp-json\/wp\/v2\/tags?post=6948"}],"curies":[{"name":"wp","href":"https:\/\/api.w.org\/{rel}","templated":true}]}}