{"id":6922,"date":"2021-06-16T11:20:24","date_gmt":"2021-06-16T14:20:24","guid":{"rendered":"http:\/\/bbconsultoria.net\/site\/?p=6922"},"modified":"2021-06-18T11:48:42","modified_gmt":"2021-06-18T14:48:42","slug":"a-questao-dos-transportes-precisa-ser-enfrentada-por-rodrigo-bethlem","status":"publish","type":"post","link":"https:\/\/bbconsultoria.net\/site\/a-questao-dos-transportes-precisa-ser-enfrentada-por-rodrigo-bethlem\/","title":{"rendered":"A quest\u00e3o dos transportes precisa ser enfrentada &#8211; Por Rodrigo Bethlem"},"content":{"rendered":"<p>O colapso dos transportes p\u00fablicos, que estamos come\u00e7ando a presenciar mais notoriamente nos BRTs, mas que tamb\u00e9m atinge trens e metr\u00f4, mostra o quanto \u00e9 fundamental uma a\u00e7\u00e3o de toda a sociedade para a recupera\u00e7\u00e3o do setor. A pandemia s\u00f3 acelerou o que j\u00e1 vinha mal, ou seja, todo o processo de degrada\u00e7\u00e3o que o sistema de transporte j\u00e1 vinha operando.<\/p>\n<p>A situa\u00e7\u00e3o dos transportes chegou a um n\u00edvel, absolutamente, insustent\u00e1vel.<\/p>\n<p>Temas que sempre foram tratados de forma demag\u00f3gica, principalmente pelos partidos de esquerda, precisam ser colocados na mesa e serem enfrentados pelo poder p\u00fablico.<\/p>\n<p>Vejamos as quest\u00f5es da gratuidade. Efetivamente, quem paga passagem, hoje, no Rio de Janeiro, principalmente nos \u00f4nibus, s\u00e3o os mais pobres, que est\u00e3o desempregados ou subempregados, e\/ou as empresas que d\u00e3o vale-transporte. Ningu\u00e9m mais paga porque acaba se enquadrando em alguma gratuidade.<\/p>\n<p>Considero um absurdo a forma como estes benef\u00edcios s\u00e3o dados para idosos e estudantes universit\u00e1rios.<\/p>\n<p>Explico: ser\u00e1 que todo idoso necessita ter gratuidade no transporte p\u00fablico? Ser\u00e1 que o pensionista de um militar, por exemplo, que ganha por volta de 8 mil reais mensais, precisa usar o transporte sem pagar a passagem?<\/p>\n<p>A grande quest\u00e3o que precisa ser entendida \u00e9: N\u00e3o existe passagem gr\u00e1tis! Algu\u00e9m paga por cada bilhete. Como o governo n\u00e3o d\u00e1 subs\u00eddio ele \u00e9 inclu\u00eddo no valor da tarifa. E, como j\u00e1 disse anteriormente, ou o mais pobre \u00e9 quem acaba pagando o pato, ou o empregador que d\u00e1 o vale-transporte, onerando o custo do funcion\u00e1rio e, consequentemente, interfere para o desemprego. Afinal, contratar algu\u00e9m de carteira assinada fica muito caro.<\/p>\n<p>Uma sa\u00edda para tornar o servi\u00e7o confort\u00e1vel, r\u00e1pido e mais barato \u00e9 fazer uma efetiva integra\u00e7\u00e3o dos meios de transporte. Para isso, uma autoridade de transporte da Regi\u00e3o Metropolitana deveria ser institu\u00edda para regular a atividade e fazer com que haja uma efetiva integra\u00e7\u00e3o, com baldea\u00e7\u00e3o e bilhete para integrar \u00f4nibus que fizessem trajetos mais curtos e mais c\u00e9leres.<\/p>\n<p>Al\u00e9m disso, \u00e9 fundamental a integra\u00e7\u00e3o entre modais: \u00f4nibus alimentarem trens e metr\u00f4. O projeto, tamb\u00e9m, deve incluir a constru\u00e7\u00e3o de uma rodovi\u00e1ria na Washington Luiz ou na Via Dutra, para a chegada dos \u00f4nibus vindos da Baixada e a partida de outros em dire\u00e7\u00e3o ao centro do Rio.<\/p>\n<p>Com esse novo modelo, certamente, o principal benef\u00edcio seria a economicidade de tempo, dinheiro e de todos os modais.<\/p>\n<p>Infelizmente este setor t\u00e3o importante para a melhor qualidade de vida do cidad\u00e3o, sempre foi contaminada pela demagogia ou pela corrup\u00e7\u00e3o, e as medidas corretas foram deixadas de lado. Agora a beira do colapso, o problema dos transportes ter\u00e1 que ser enfrentado.<\/p>\n<p>&nbsp;<\/p>\n<p>Por Rodrigo Bethlem &#8211; Consultor Pol\u00edtico<\/p>\n<p>&nbsp;<\/p>\n<p>Fonte: <a href=\"https:\/\/www.jornalcorreiodamanha.com.br\/opiniao\/7764-a-questao-dos-transportes-precisa-ser-enfrentada\">Jornal Correio da Manh\u00e3<\/a><\/p>\n","protected":false},"excerpt":{"rendered":"<p>O colapso dos transportes p\u00fablicos, que estamos come\u00e7ando a presenciar mais notoriamente nos BRTs, mas que tamb\u00e9m atinge trens e metr\u00f4, mostra o quanto \u00e9 fundamental uma a\u00e7\u00e3o de toda a sociedade para a recupera\u00e7\u00e3o do setor. A pandemia s\u00f3 acelerou o que j\u00e1 vinha mal, ou seja, todo o processo de degrada\u00e7\u00e3o que o&#8230; <\/p>\n<div class=\"clear\"><\/div>\n<p><a href=\"https:\/\/bbconsultoria.net\/site\/a-questao-dos-transportes-precisa-ser-enfrentada-por-rodrigo-bethlem\/\" class=\"excerpt-read-more\">Read More<\/a><\/p>\n","protected":false},"author":1,"featured_media":6923,"comment_status":"closed","ping_status":"closed","sticky":false,"template":"","format":"standard","meta":{"footnotes":""},"categories":[82],"tags":[],"class_list":["post-6922","post","type-post","status-publish","format-standard","has-post-thumbnail","hentry","category-noticias"],"_links":{"self":[{"href":"https:\/\/bbconsultoria.net\/site\/wp-json\/wp\/v2\/posts\/6922","targetHints":{"allow":["GET"]}}],"collection":[{"href":"https:\/\/bbconsultoria.net\/site\/wp-json\/wp\/v2\/posts"}],"about":[{"href":"https:\/\/bbconsultoria.net\/site\/wp-json\/wp\/v2\/types\/post"}],"author":[{"embeddable":true,"href":"https:\/\/bbconsultoria.net\/site\/wp-json\/wp\/v2\/users\/1"}],"replies":[{"embeddable":true,"href":"https:\/\/bbconsultoria.net\/site\/wp-json\/wp\/v2\/comments?post=6922"}],"version-history":[{"count":3,"href":"https:\/\/bbconsultoria.net\/site\/wp-json\/wp\/v2\/posts\/6922\/revisions"}],"predecessor-version":[{"id":6926,"href":"https:\/\/bbconsultoria.net\/site\/wp-json\/wp\/v2\/posts\/6922\/revisions\/6926"}],"wp:featuredmedia":[{"embeddable":true,"href":"https:\/\/bbconsultoria.net\/site\/wp-json\/wp\/v2\/media\/6923"}],"wp:attachment":[{"href":"https:\/\/bbconsultoria.net\/site\/wp-json\/wp\/v2\/media?parent=6922"}],"wp:term":[{"taxonomy":"category","embeddable":true,"href":"https:\/\/bbconsultoria.net\/site\/wp-json\/wp\/v2\/categories?post=6922"},{"taxonomy":"post_tag","embeddable":true,"href":"https:\/\/bbconsultoria.net\/site\/wp-json\/wp\/v2\/tags?post=6922"}],"curies":[{"name":"wp","href":"https:\/\/api.w.org\/{rel}","templated":true}]}}