{"id":6914,"date":"2021-03-24T02:12:05","date_gmt":"2021-03-24T05:12:05","guid":{"rendered":"http:\/\/bbconsultoria.net\/site\/?p=6914"},"modified":"2021-06-10T18:18:29","modified_gmt":"2021-06-10T21:18:29","slug":"sera-que-e-para-salvar-vidas-mesmo-por-rodrigo-bethlem","status":"publish","type":"post","link":"https:\/\/bbconsultoria.net\/site\/sera-que-e-para-salvar-vidas-mesmo-por-rodrigo-bethlem\/","title":{"rendered":"Ser\u00e1 que \u00e9 para salvar vidas mesmo? &#8211; Por Rodrigo Bethlem"},"content":{"rendered":"<p>Quando o assunto \u00e9 pandemia, se algu\u00e9m contesta a turma do \u201cfica em casa\u201d, logo \u00e9 chamado de negacionista, bolsominion e por a\u00ed vai.<\/p>\n<p>N\u00e3o estou aqui para politizar o tema, at\u00e9 porque n\u00e3o sou pol\u00edtico h\u00e1 muito tempo.<\/p>\n<p>Meu objetivo \u00e9 dar opini\u00f5es sinceras, concretas e baseadas em pesquisas que fa\u00e7o, antes de falar de qualquer dado.<\/p>\n<p>Vamos ao que interessa: o objetivo da turma do \u201cfica em casa\u201d \u00e9 salvar vidas. Fechar tudo, lockdown, sacrif\u00edcios&#8230; Tudo para salvar vidas.<\/p>\n<p>Ent\u00e3o, vamos nos atentar aos n\u00fameros. De acordo com o painel do google, aproximadamente, tr\u00eas milh\u00f5es de pessoas morreram por conta de complica\u00e7\u00f5es do covid.<\/p>\n<p>A FAO \u2013 Organiza\u00e7\u00e3o das Na\u00e7\u00f5es Unidas para a Alimenta\u00e7\u00e3o e a Agricultura, declara que, pelo menos, dez vezes mais pessoas morreram de fome ou de causas relacionadas \u00e0 fome. E podem continuar sendo levadas \u00e0 beira da fome como resultado dos impactos sociais e econ\u00f4micos causados pela pandemia de coronav\u00edrus. Isso quer dizer, claramente, que a pandemia pode custar mais vidas por causa da fome do que os mortos pela infec\u00e7\u00e3o.<\/p>\n<p>A\u00ed, eu pergunto: estamos distribuindo m\u00e1scaras ou comida?<\/p>\n<p>Observe outro dado: morreram cinco vezes mais crian\u00e7as at\u00e9 5 anos no mundo, do que pessoas v\u00edtimas do coronav\u00edrus.<\/p>\n<p>Algu\u00e9m ouviu falar nisso?<\/p>\n<p>E os n\u00fameros n\u00e3o param por a\u00ed. No ano passado, morreram mais pessoas de aids do que de coronav\u00edrus.<\/p>\n<p>Sa\u00edram not\u00edcias sobre isso?<\/p>\n<p>Ressalto que n\u00e3o estou minimizando a doen\u00e7a, n\u00e3o, gente. Realmente, a covid-19 \u00e9 muito grave.<br \/>\nMas, precisamos parar para raciocinar!!<\/p>\n<p>Existem n\u00fameros alarmantes que precisam despertar a aten\u00e7\u00e3o da popula\u00e7\u00e3o, da comunidade cient\u00edfica, dos m\u00e9dicos, de todos!<\/p>\n<p>Em 2020, houve uma baixa significativa na vacina\u00e7\u00e3o b\u00e1sica das crian\u00e7as.<\/p>\n<p>Na m\u00e9dia, normalmente, mais de 80% das crian\u00e7as se vacinam com a BCG. Por conta da pandemia, esse percentual caiu para 60%.<\/p>\n<p>Isso significa que muitas crian\u00e7as est\u00e3o vulner\u00e1veis \u00e0 tuberculose, por exemplo, que \u00e9 uma doen\u00e7a muito mais grave e muito mais letal do que o coronav\u00edrus.<\/p>\n<p>A imprensa divulgou isso?<\/p>\n<p>Ser\u00e1 que essa campanha de lockdown \u00e9 s\u00f3 pra salvar vidas mesmo?<\/p>\n<p>Por: Rodrigo Bethlem &#8211; Consultor Pol\u00edtico<\/p>\n<p>Fonte: <a href=\"https:\/\/www.jornalcorreiodamanha.com.br\/opiniao\/5560-sera-que-e-para-salvar-vidas-mesmo\">Correio da Manh\u00e3<\/a><\/p>\n","protected":false},"excerpt":{"rendered":"<p>Quando o assunto \u00e9 pandemia, se algu\u00e9m contesta a turma do \u201cfica em casa\u201d, logo \u00e9 chamado de negacionista, bolsominion e por a\u00ed vai. N\u00e3o estou aqui para politizar o tema, at\u00e9 porque n\u00e3o sou pol\u00edtico h\u00e1 muito tempo. Meu objetivo \u00e9 dar opini\u00f5es sinceras, concretas e baseadas em pesquisas que fa\u00e7o, antes de falar&#8230; <\/p>\n<div class=\"clear\"><\/div>\n<p><a href=\"https:\/\/bbconsultoria.net\/site\/sera-que-e-para-salvar-vidas-mesmo-por-rodrigo-bethlem\/\" class=\"excerpt-read-more\">Read More<\/a><\/p>\n","protected":false},"author":1,"featured_media":6915,"comment_status":"closed","ping_status":"closed","sticky":false,"template":"","format":"standard","meta":{"footnotes":""},"categories":[82],"tags":[130,116,133,132,105,127,129,87,131,128,103],"class_list":["post-6914","post","type-post","status-publish","format-standard","has-post-thumbnail","hentry","category-noticias","tag-alcool-em-gel","tag-coronavirus","tag-covid","tag-covid19","tag-eduardo-paes","tag-lockdown-rio-de-janeiro","tag-mascaras","tag-opiniao-rodrigo-bethlem","tag-pandemia","tag-para-salvar-vidas","tag-prefeito-do-rio-de-janeiro"],"_links":{"self":[{"href":"https:\/\/bbconsultoria.net\/site\/wp-json\/wp\/v2\/posts\/6914","targetHints":{"allow":["GET"]}}],"collection":[{"href":"https:\/\/bbconsultoria.net\/site\/wp-json\/wp\/v2\/posts"}],"about":[{"href":"https:\/\/bbconsultoria.net\/site\/wp-json\/wp\/v2\/types\/post"}],"author":[{"embeddable":true,"href":"https:\/\/bbconsultoria.net\/site\/wp-json\/wp\/v2\/users\/1"}],"replies":[{"embeddable":true,"href":"https:\/\/bbconsultoria.net\/site\/wp-json\/wp\/v2\/comments?post=6914"}],"version-history":[{"count":1,"href":"https:\/\/bbconsultoria.net\/site\/wp-json\/wp\/v2\/posts\/6914\/revisions"}],"predecessor-version":[{"id":6916,"href":"https:\/\/bbconsultoria.net\/site\/wp-json\/wp\/v2\/posts\/6914\/revisions\/6916"}],"wp:featuredmedia":[{"embeddable":true,"href":"https:\/\/bbconsultoria.net\/site\/wp-json\/wp\/v2\/media\/6915"}],"wp:attachment":[{"href":"https:\/\/bbconsultoria.net\/site\/wp-json\/wp\/v2\/media?parent=6914"}],"wp:term":[{"taxonomy":"category","embeddable":true,"href":"https:\/\/bbconsultoria.net\/site\/wp-json\/wp\/v2\/categories?post=6914"},{"taxonomy":"post_tag","embeddable":true,"href":"https:\/\/bbconsultoria.net\/site\/wp-json\/wp\/v2\/tags?post=6914"}],"curies":[{"name":"wp","href":"https:\/\/api.w.org\/{rel}","templated":true}]}}