{"id":6911,"date":"2021-04-09T23:30:57","date_gmt":"2021-04-10T02:30:57","guid":{"rendered":"http:\/\/bbconsultoria.net\/site\/?p=6911"},"modified":"2021-06-10T18:11:59","modified_gmt":"2021-06-10T21:11:59","slug":"guedes-se-tornou-um-grilhao-por-rodrigo-bethlem","status":"publish","type":"post","link":"https:\/\/bbconsultoria.net\/site\/guedes-se-tornou-um-grilhao-por-rodrigo-bethlem\/","title":{"rendered":"Guedes se tornou um grilh\u00e3o &#8211; Por Rodrigo Bethlem"},"content":{"rendered":"<p>Em artigo anterior, j\u00e1 falei sobre o equ\u00edvoco cometido pelo ministro da Economia, Paulo Guedes, de manter o d\u00f3lar num patamar t\u00e3o alto como est\u00e1. Beneficia, talvez, o agroneg\u00f3cio, mas n\u00e3o gera crescimento e tem criado uma carestia enorme na popula\u00e7\u00e3o, principalmente, entre os mais pobres, que s\u00e3o os mais afetados pela pandemia no momento.<\/p>\n<p>Carne, arroz, combust\u00edveis, j\u00e1 subiram, aproximadamente, 40%. S\u00e3o commodities. O d\u00f3lar sobe e a tend\u00eancia desses produtos \u00e9 subir, tamb\u00e9m.<\/p>\n<p>O mundo est\u00e1 em recess\u00e3o. N\u00e3o h\u00e1 demanda para vender mais produtos brasileiros. O pa\u00eds vive uma situa\u00e7\u00e3o de estagfla\u00e7\u00e3o, ou seja, n\u00e3o tem crescimento e a infla\u00e7\u00e3o \u00e9 alta.<\/p>\n<p>Nas considera\u00e7\u00f5es de hoje, vou al\u00e9m. O presidente Bolsonaro, durante a campanha de 2018, teve no Paulo Guedes uma esp\u00e9cie de fiador de que o Brasil teria uma pol\u00edtica econ\u00f4mica moderna, com redu\u00e7\u00e3o do tamanho do estado, redu\u00e7\u00e3o dos gastos e, principalmente, respeito aos contratos vigentes e incentivo \u00e0 iniciativa privada.<\/p>\n<p>\u00c9 fato que houve uma pandemia, no meio do caminho, mas, desde o in\u00edcio do atual governo, h\u00e1 dois anos e meio, o que se viu foi pouco avan\u00e7o na redu\u00e7\u00e3o do tamanho do estado e, consequentemente, nenhuma redu\u00e7\u00e3o da carga tribut\u00e1ria, al\u00e9m de uma politica macroecon\u00f4mica extremamente equivocada, com pouco cr\u00e9dito ao setor produtivo e pouco apoio \u00e0s empresas.<\/p>\n<p>Enfim, do que se esperava do Paulo Guedes, pouca coisa, de fato, foi feita. Muito pelo contr\u00e1rio, h\u00e1 medidas macroecon\u00f4micas equivocadas, que t\u00eam gerado infla\u00e7\u00e3o e n\u00e3o t\u00eam melhorado o ambiente de neg\u00f3cios.<\/p>\n<p>Para o estado do Rio de Janeiro, ent\u00e3o, nem se fala. Apesar de o governador Cl\u00e1udio Castro ser um aliado do presidente Bolsonaro, ainda n\u00e3o conseguiu assinar um novo acordo de recupera\u00e7\u00e3o fiscal, mesmo ap\u00f3s a aprova\u00e7\u00e3o, seis meses atr\u00e1s, da nova lei para os estados aderirem o programa de recupera\u00e7\u00e3o.<\/p>\n<p>Com isso, mais de 600 milh\u00f5es j\u00e1 foram tirados da conta do estado, para o pagamento de juros.<br \/>\nPaulo Guedes, que em 2018 foi um dos grandes fiadores de Bolsonaro, em 2022 pode se tornar um dos seus principais algozes, se nada diferente for feito.<\/p>\n<p>O que define uma elei\u00e7\u00e3o \u00e9 o bolso do eleitor. Principalmente, do mais pobre.<\/p>\n<p>&nbsp;<\/p>\n<p>Por: Rodrigo Bethlem &#8211; Consultor Pol\u00edtico<\/p>\n<p>Fonte: <a href=\"https:\/\/www.jornalcorreiodamanha.com.br\/opiniao\/6106-guedes-se-tornou-um-grilhao\">Correio da Manh\u00e3<\/a><\/p>\n","protected":false},"excerpt":{"rendered":"<p>Em artigo anterior, j\u00e1 falei sobre o equ\u00edvoco cometido pelo ministro da Economia, Paulo Guedes, de manter o d\u00f3lar num patamar t\u00e3o alto como est\u00e1. Beneficia, talvez, o agroneg\u00f3cio, mas n\u00e3o gera crescimento e tem criado uma carestia enorme na popula\u00e7\u00e3o, principalmente, entre os mais pobres, que s\u00e3o os mais afetados pela pandemia no momento&#8230;. <\/p>\n<div class=\"clear\"><\/div>\n<p><a href=\"https:\/\/bbconsultoria.net\/site\/guedes-se-tornou-um-grilhao-por-rodrigo-bethlem\/\" class=\"excerpt-read-more\">Read More<\/a><\/p>\n","protected":false},"author":1,"featured_media":6912,"comment_status":"closed","ping_status":"closed","sticky":false,"template":"","format":"standard","meta":{"footnotes":""},"categories":[82],"tags":[97,126,96,124,123,125,84,114],"class_list":["post-6911","post","type-post","status-publish","format-standard","has-post-thumbnail","hentry","category-noticias","tag-claudio-castro","tag-correio-da-manha","tag-governador-do-rio-de-janeiro","tag-ministro-da-economia","tag-paulo-guedes","tag-presidente-bolsonaro","tag-rodrigo-bethlem","tag-rodrigo-betlhem"],"_links":{"self":[{"href":"https:\/\/bbconsultoria.net\/site\/wp-json\/wp\/v2\/posts\/6911","targetHints":{"allow":["GET"]}}],"collection":[{"href":"https:\/\/bbconsultoria.net\/site\/wp-json\/wp\/v2\/posts"}],"about":[{"href":"https:\/\/bbconsultoria.net\/site\/wp-json\/wp\/v2\/types\/post"}],"author":[{"embeddable":true,"href":"https:\/\/bbconsultoria.net\/site\/wp-json\/wp\/v2\/users\/1"}],"replies":[{"embeddable":true,"href":"https:\/\/bbconsultoria.net\/site\/wp-json\/wp\/v2\/comments?post=6911"}],"version-history":[{"count":1,"href":"https:\/\/bbconsultoria.net\/site\/wp-json\/wp\/v2\/posts\/6911\/revisions"}],"predecessor-version":[{"id":6913,"href":"https:\/\/bbconsultoria.net\/site\/wp-json\/wp\/v2\/posts\/6911\/revisions\/6913"}],"wp:featuredmedia":[{"embeddable":true,"href":"https:\/\/bbconsultoria.net\/site\/wp-json\/wp\/v2\/media\/6912"}],"wp:attachment":[{"href":"https:\/\/bbconsultoria.net\/site\/wp-json\/wp\/v2\/media?parent=6911"}],"wp:term":[{"taxonomy":"category","embeddable":true,"href":"https:\/\/bbconsultoria.net\/site\/wp-json\/wp\/v2\/categories?post=6911"},{"taxonomy":"post_tag","embeddable":true,"href":"https:\/\/bbconsultoria.net\/site\/wp-json\/wp\/v2\/tags?post=6911"}],"curies":[{"name":"wp","href":"https:\/\/api.w.org\/{rel}","templated":true}]}}