{"id":6908,"date":"2021-04-16T22:00:49","date_gmt":"2021-04-17T01:00:49","guid":{"rendered":"http:\/\/bbconsultoria.net\/site\/?p=6908"},"modified":"2021-06-10T18:05:30","modified_gmt":"2021-06-10T21:05:30","slug":"tudo-em-nome-da-ciencia-por-rodrigo-bethlem","status":"publish","type":"post","link":"https:\/\/bbconsultoria.net\/site\/tudo-em-nome-da-ciencia-por-rodrigo-bethlem\/","title":{"rendered":"Tudo em \u201cnome da Ci\u00eancia\u201d &#8211; Por Rodrigo Bethlem"},"content":{"rendered":"<p>Frequentemente, a imprensa fala, de forma muito efusiva e em nome da Ci\u00eancia, em afastamento social, lockdown, lockdown nacional&#8230;<\/p>\n<p>A verdade \u00e9 que esse assunto do Coronav\u00edrus foi muito politizado. Todo mundo fala em nome da Ci\u00eancia. Mas que Ci\u00eancia \u00e9 essa?<\/p>\n<p>Procuro, pesquiso e n\u00e3o encontro nenhum estudo que baseie essa vontade t\u00e3o profunda de fechar as coisas para salvar vidas ao mesmo tempo em que o BRT continua lotado e os bailes funk continuam acontecendo nas comunidades.<\/p>\n<p>Recentemente, o professor Bruno Campello de Souza, da Universidade Federal de Pernambuco, publicou um estudo bastante profundo, com dados completos, mostrando que, ao contr\u00e1rio do que dizem alguns \u201cdonos da ci\u00eancia\u201d, o lockdown n\u00e3o reduz mortes, pelo contr\u00e1rio, aumenta.<\/p>\n<p>Como esses dados n\u00e3o s\u00e3o amplamente divulgados, fica aqui o link para acesso: https:\/\/www.researchgate.net\/publication\/350239277_OS_IMPACTOS_DELETERIOS_DO_ISOLAMENTO_SOCIAL_SOBRE_A_PANDEMIA_DA_COVID-19_NO_BRASIL_MAIS_MORTES_CEPAS_MAIS_PERIGOSAS_E_UM_NOVO_CICLO_EPIDEMIOLOGICO<\/p>\n<p>Veja s\u00f3 como essa quest\u00e3o da Ci\u00eancia \u00e9 muito relativa. A Fiocruz \u00e9 a maior defensora de lockdown, orienta para que restri\u00e7\u00f5es mais duras sejam feitas, em rela\u00e7\u00e3o \u00e0s atividades econ\u00f4micas. Pois bem, vamos atentar para o perfil da presidente dessa institui\u00e7\u00e3o.<\/p>\n<p>\u00c9 uma m\u00e9dica? Uma doutora, especialista em doen\u00e7as virais? Uma enfermeira que, durante anos, atuou em emerg\u00eancias de hospitais? Uma pessoa de campo?<\/p>\n<p>N\u00e3o! A presidente da Fiocruz \u00e9 soci\u00f3loga. Nada contra a sua forma\u00e7\u00e3o. Mas, atente-se: \u00e9 uma pessoa que entende de Sociologia que comanda uma institui\u00e7\u00e3o que diz para a popula\u00e7\u00e3o n\u00e3o sair para trabalhar para n\u00e3o morrer de covid. Sempre em nome da Ci\u00eancia, claro!!<\/p>\n<p>Vamos abrir o olho, gente!!<\/p>\n<p>Esse discurso est\u00e1 muito impregnado de decis\u00f5es pol\u00edticas, tomadas \u201cem nome da Ci\u00eancia\u201d.<\/p>\n<p>Mas, no final das contas, quem est\u00e1 sendo prejudicado \u00e9 voc\u00ea.<\/p>\n<p>&nbsp;<\/p>\n<p>Por: Rodrigo Bethem &#8211; Consultor Pol\u00edtico<\/p>\n<p>Fonte: <a href=\"https:\/\/www.jornalcorreiodamanha.com.br\/opiniao\/6313-tudo-em-nome-da-ciencia\">Correio da Manh\u00e3<\/a><\/p>\n","protected":false},"excerpt":{"rendered":"<p>Frequentemente, a imprensa fala, de forma muito efusiva e em nome da Ci\u00eancia, em afastamento social, lockdown, lockdown nacional&#8230; A verdade \u00e9 que esse assunto do Coronav\u00edrus foi muito politizado. Todo mundo fala em nome da Ci\u00eancia. Mas que Ci\u00eancia \u00e9 essa? Procuro, pesquiso e n\u00e3o encontro nenhum estudo que baseie essa vontade t\u00e3o profunda&#8230; <\/p>\n<div class=\"clear\"><\/div>\n<p><a href=\"https:\/\/bbconsultoria.net\/site\/tudo-em-nome-da-ciencia-por-rodrigo-bethlem\/\" class=\"excerpt-read-more\">Read More<\/a><\/p>\n","protected":false},"author":1,"featured_media":6909,"comment_status":"closed","ping_status":"closed","sticky":false,"template":"","format":"standard","meta":{"footnotes":""},"categories":[82],"tags":[116,117,118,121,119,115,114,122,120],"class_list":["post-6908","post","type-post","status-publish","format-standard","has-post-thumbnail","hentry","category-noticias","tag-coronavirus","tag-covid-19","tag-em-nome-da-ciencia","tag-fiocruz","tag-o-que-a-ciencia-diz-sobre-coronavirus","tag-opiniao-rodrigo-betlhem","tag-rodrigo-betlhem","tag-universidade-federal-de-pernambuco","tag-vacina-para-coronavirus"],"_links":{"self":[{"href":"https:\/\/bbconsultoria.net\/site\/wp-json\/wp\/v2\/posts\/6908","targetHints":{"allow":["GET"]}}],"collection":[{"href":"https:\/\/bbconsultoria.net\/site\/wp-json\/wp\/v2\/posts"}],"about":[{"href":"https:\/\/bbconsultoria.net\/site\/wp-json\/wp\/v2\/types\/post"}],"author":[{"embeddable":true,"href":"https:\/\/bbconsultoria.net\/site\/wp-json\/wp\/v2\/users\/1"}],"replies":[{"embeddable":true,"href":"https:\/\/bbconsultoria.net\/site\/wp-json\/wp\/v2\/comments?post=6908"}],"version-history":[{"count":1,"href":"https:\/\/bbconsultoria.net\/site\/wp-json\/wp\/v2\/posts\/6908\/revisions"}],"predecessor-version":[{"id":6910,"href":"https:\/\/bbconsultoria.net\/site\/wp-json\/wp\/v2\/posts\/6908\/revisions\/6910"}],"wp:featuredmedia":[{"embeddable":true,"href":"https:\/\/bbconsultoria.net\/site\/wp-json\/wp\/v2\/media\/6909"}],"wp:attachment":[{"href":"https:\/\/bbconsultoria.net\/site\/wp-json\/wp\/v2\/media?parent=6908"}],"wp:term":[{"taxonomy":"category","embeddable":true,"href":"https:\/\/bbconsultoria.net\/site\/wp-json\/wp\/v2\/categories?post=6908"},{"taxonomy":"post_tag","embeddable":true,"href":"https:\/\/bbconsultoria.net\/site\/wp-json\/wp\/v2\/tags?post=6908"}],"curies":[{"name":"wp","href":"https:\/\/api.w.org\/{rel}","templated":true}]}}