{"id":6905,"date":"2021-04-24T00:41:37","date_gmt":"2021-04-24T03:41:37","guid":{"rendered":"http:\/\/bbconsultoria.net\/site\/?p=6905"},"modified":"2021-06-10T17:59:41","modified_gmt":"2021-06-10T20:59:41","slug":"100-dias-do-governo-eduardo-paes-nada-a-comemorar-por-rodrigo-betlhem","status":"publish","type":"post","link":"https:\/\/bbconsultoria.net\/site\/100-dias-do-governo-eduardo-paes-nada-a-comemorar-por-rodrigo-betlhem\/","title":{"rendered":"100 dias do governo Eduardo Paes. Nada a comemorar! &#8211; Por Rodrigo Betlhem"},"content":{"rendered":"<p>Mesmo tendo trabalhado, no pleito eleitoral passado, na campanha do ex-prefeito Marcelo Crivella, maior concorrente do Eduardo Paes, eu conseguia ver,\u00a0at\u00e9 com muito otimismo,\u00a0alguns pontos das suas propostas.<\/p>\n<p>Quest\u00f5es como desburocratiza\u00e7\u00e3o para abrir alguns neg\u00f3cios,\u00a0fortalecimentos das subprefeituras foram alguns que me chamaram a aten\u00e7\u00e3o.\u00a0 Mas, infelizmente, passados os 100 primeiros dias da nova gest\u00e3o, n\u00e3o h\u00e1 nada o que comemorar.<\/p>\n<p>Mesmo assim, o atual prefeito fez uma autoavalia\u00e7\u00e3o e se deu a nota de 7,6. Alguns fatos mostram que essa marca est\u00e1 muito fora da realidade.<\/p>\n<p>Comprovar isso \u00e9 f\u00e1cil, prefeito Eduardo Paes! Escolha alguns grupos para te avaliar e veja o resultado.<\/p>\n<p>Vou te ajudar com algumas dicas:<\/p>\n<p>Pergunte para as pessoas que andam de BRT o que elas est\u00e3o achando do servi\u00e7o. Ou\u00e7a, tamb\u00e9m, as pessoas que deixaram de ser atendidas porque o seu secret\u00e1rio de Sa\u00fade, por simples picuinha, resolveu desmontar um hospital, com 500 leitos, que estava montado no Riocentro.<\/p>\n<p>Outro grupo que merece participar da enquete \u00e9 o das pessoas que est\u00e3o deixando de ser examinadas porque o munic\u00edpio est\u00e1 com 12 tom\u00f3grafos sem funcionar, em plena pandemia, desde que a empresa que operava n\u00e3o foi paga e nenhuma outra foi colocada no lugar.<\/p>\n<p>Sr. Prefeito, n\u00e3o\u00a0deixe de fora da pesquisa as pessoas que passaram a pagar um ped\u00e1gio, na Linha Amarela, absurdamente mais caro do que o da Ponte\u00a0Rio Niter\u00f3i,\u00a0por causa de um acordo mal feito pelo senhor no STF.<\/p>\n<p>Mais um tema que a popula\u00e7\u00e3o deveria ser perguntada \u00e9 sobre o que acha da RioSa\u00fade,\u00a0uma empresa p\u00fablica, estar sendo preterida por OSs que, coincidente j\u00e1 trabalharam na sua gest\u00e3o\u00a0passada. N\u00e3o esque\u00e7a de informar que, durante a sua campanha,\u00a0voc\u00ea afirmou que isso n\u00e3o ocorreria.<\/p>\n<p>Por: Rodrigo Bethlem &#8211; Consultor Pol\u00edtico<\/p>\n<p>Fonte: <a href=\"https:\/\/www.jornalcorreiodamanha.com.br\/opiniao\/6518-100-dias-do-governo-eduardo-paes-nada-a-comemorar\">Correio da Manh\u00e3<\/a><\/p>\n","protected":false},"excerpt":{"rendered":"<p>Mesmo tendo trabalhado, no pleito eleitoral passado, na campanha do ex-prefeito Marcelo Crivella, maior concorrente do Eduardo Paes, eu conseguia ver,\u00a0at\u00e9 com muito otimismo,\u00a0alguns pontos das suas propostas. Quest\u00f5es como desburocratiza\u00e7\u00e3o para abrir alguns neg\u00f3cios,\u00a0fortalecimentos das subprefeituras foram alguns que me chamaram a aten\u00e7\u00e3o.\u00a0 Mas, infelizmente, passados os 100 primeiros dias da nova gest\u00e3o, n\u00e3o&#8230; <\/p>\n<div class=\"clear\"><\/div>\n<p><a href=\"https:\/\/bbconsultoria.net\/site\/100-dias-do-governo-eduardo-paes-nada-a-comemorar-por-rodrigo-betlhem\/\" class=\"excerpt-read-more\">Read More<\/a><\/p>\n","protected":false},"author":1,"featured_media":6906,"comment_status":"closed","ping_status":"closed","sticky":false,"template":"","format":"standard","meta":{"footnotes":""},"categories":[82],"tags":[113,97,105,100,91,87,110,111,103,112,84,109],"class_list":["post-6905","post","type-post","status-publish","format-standard","has-post-thumbnail","hentry","category-noticias","tag-100-dias-de-governo-eduardo-paes","tag-claudio-castro","tag-eduardo-paes","tag-governo-do-estado-do-rio-de-janeiro","tag-jair-bolsonaro","tag-opiniao-rodrigo-bethlem","tag-pedagio-da-linha-amarela","tag-ponte-rio-nitori","tag-prefeito-do-rio-de-janeiro","tag-rio-de-niteroi","tag-rodrigo-bethlem","tag-stf"],"_links":{"self":[{"href":"https:\/\/bbconsultoria.net\/site\/wp-json\/wp\/v2\/posts\/6905","targetHints":{"allow":["GET"]}}],"collection":[{"href":"https:\/\/bbconsultoria.net\/site\/wp-json\/wp\/v2\/posts"}],"about":[{"href":"https:\/\/bbconsultoria.net\/site\/wp-json\/wp\/v2\/types\/post"}],"author":[{"embeddable":true,"href":"https:\/\/bbconsultoria.net\/site\/wp-json\/wp\/v2\/users\/1"}],"replies":[{"embeddable":true,"href":"https:\/\/bbconsultoria.net\/site\/wp-json\/wp\/v2\/comments?post=6905"}],"version-history":[{"count":1,"href":"https:\/\/bbconsultoria.net\/site\/wp-json\/wp\/v2\/posts\/6905\/revisions"}],"predecessor-version":[{"id":6907,"href":"https:\/\/bbconsultoria.net\/site\/wp-json\/wp\/v2\/posts\/6905\/revisions\/6907"}],"wp:featuredmedia":[{"embeddable":true,"href":"https:\/\/bbconsultoria.net\/site\/wp-json\/wp\/v2\/media\/6906"}],"wp:attachment":[{"href":"https:\/\/bbconsultoria.net\/site\/wp-json\/wp\/v2\/media?parent=6905"}],"wp:term":[{"taxonomy":"category","embeddable":true,"href":"https:\/\/bbconsultoria.net\/site\/wp-json\/wp\/v2\/categories?post=6905"},{"taxonomy":"post_tag","embeddable":true,"href":"https:\/\/bbconsultoria.net\/site\/wp-json\/wp\/v2\/tags?post=6905"}],"curies":[{"name":"wp","href":"https:\/\/api.w.org\/{rel}","templated":true}]}}