{"id":6902,"date":"2021-05-01T02:33:50","date_gmt":"2021-05-01T05:33:50","guid":{"rendered":"http:\/\/bbconsultoria.net\/site\/?p=6902"},"modified":"2021-06-10T17:39:09","modified_gmt":"2021-06-10T20:39:09","slug":"uma-equacao-historica-por-rodrigo-bethlem","status":"publish","type":"post","link":"https:\/\/bbconsultoria.net\/site\/uma-equacao-historica-por-rodrigo-bethlem\/","title":{"rendered":"Uma Equa\u00e7\u00e3o Hist\u00f3rica &#8211; Por Rodrigo Bethlem"},"content":{"rendered":"<p>O leil\u00e3o do dia de ontem foi talvez o fato mais importante ocorrido em d\u00e9cadas, no estado do Rio de Janeiro. Pelo lado financeiro, os R$ 22 bilh\u00f5es que ser\u00e3o distribu\u00eddos entre o estado e os munic\u00edpios participantes trar\u00e3o, al\u00e9m de um enorme al\u00edvio financeiro, uma consider\u00e1vel turbinada na economia, j\u00e1 que os recursos devem, na sua maioria, ser usados em investimentos. Ao longo da pr\u00f3xima d\u00e9cada tamb\u00e9m ser\u00e3o investidos mais R$ 30 bilh\u00f5es pelas concession\u00e1rias, gerando mais de 100 mil empregos e receitas para o estado.<\/p>\n<p>Sob a \u00f3tica da qualidade de vida do cidad\u00e3o fluminense, o ganho ser\u00e1 extraordin\u00e1rio. A inoper\u00e2ncia do poder p\u00fablico por d\u00e9cadas transformou rios e lagoas, al\u00e9m da Ba\u00eda de Guanabara, em verdadeiras fossas de excrementos. A sa\u00fade, principalmente da popula\u00e7\u00e3o mais pobre, foi muito prejudicada, durante este longo per\u00edodo, sem saneamento adequado. A geosmina nos fez ver que t\u00ednhamos chegado ao limite na quest\u00e3o do saneamento.<\/p>\n<p>O governador Cl\u00e1udio Castro come\u00e7a seu governo com o p\u00e9 direito. Apesar de ser interino at\u00e9 ontem, conduziu esse processo com maestria, com uma equipe extremamente t\u00e9cnica, liderada pelo seu secret\u00e1rio Nicola Miccione. Certamente cariocas e fluminenses ir\u00e3o se lembrar do dia de ontem pelas pr\u00f3ximas d\u00e9cadas.<\/p>\n<p>Quis a vontade divina que o leil\u00e3o, que representa o ponto de virada do estado do Rio, ocorresse no mesmo dia do impeachment do agora ex-governador Wilson Witzel. Deus sempre escreve certo, mesmo que por linhas tortas. Cl\u00e1udio Castro come\u00e7a um governo seu, saneado (em todos os sentidos), podendo, mesmo que em um curto espa\u00e7o de tempo, deixar a sua marca e, principalmente, fazer com que n\u00f3s, cidad\u00e3os, voltemos a ter respeito e esperan\u00e7a nos nossos dirigentes. O Rio, desde que deixou de ser a capital federal, vem perdendo. Talvez o dia de ontem tenha sido o ponto da virada. N\u00e3o temos mais tempo a perder.<\/p>\n<p>Por: Rodrigo Bethlem &#8211; Consultor Pol\u00edtico<\/p>\n<p>Fonte: <a href=\"https:\/\/www.jornalcorreiodamanha.com.br\/opiniao\/6688-uma-equacao-historica\">Correio da Manh\u00e3<\/a><\/p>\n","protected":false},"excerpt":{"rendered":"<p>O leil\u00e3o do dia de ontem foi talvez o fato mais importante ocorrido em d\u00e9cadas, no estado do Rio de Janeiro. Pelo lado financeiro, os R$ 22 bilh\u00f5es que ser\u00e3o distribu\u00eddos entre o estado e os munic\u00edpios participantes trar\u00e3o, al\u00e9m de um enorme al\u00edvio financeiro, uma consider\u00e1vel turbinada na economia, j\u00e1 que os recursos devem,&#8230; <\/p>\n<div class=\"clear\"><\/div>\n<p><a href=\"https:\/\/bbconsultoria.net\/site\/uma-equacao-historica-por-rodrigo-bethlem\/\" class=\"excerpt-read-more\">Read More<\/a><\/p>\n","protected":false},"author":1,"featured_media":6903,"comment_status":"closed","ping_status":"closed","sticky":false,"template":"","format":"standard","meta":{"footnotes":""},"categories":[82],"tags":[101,97,104,96,100,102,108,87,84,107],"class_list":["post-6902","post","type-post","status-publish","format-standard","has-post-thumbnail","hentry","category-noticias","tag-cedae","tag-claudio-castro","tag-governador-do-rio","tag-governador-do-rio-de-janeiro","tag-governo-do-estado-do-rio-de-janeiro","tag-leilao-da-cedae","tag-nicola-maccioni","tag-opiniao-rodrigo-bethlem","tag-rodrigo-bethlem","tag-wilson-witzel"],"_links":{"self":[{"href":"https:\/\/bbconsultoria.net\/site\/wp-json\/wp\/v2\/posts\/6902","targetHints":{"allow":["GET"]}}],"collection":[{"href":"https:\/\/bbconsultoria.net\/site\/wp-json\/wp\/v2\/posts"}],"about":[{"href":"https:\/\/bbconsultoria.net\/site\/wp-json\/wp\/v2\/types\/post"}],"author":[{"embeddable":true,"href":"https:\/\/bbconsultoria.net\/site\/wp-json\/wp\/v2\/users\/1"}],"replies":[{"embeddable":true,"href":"https:\/\/bbconsultoria.net\/site\/wp-json\/wp\/v2\/comments?post=6902"}],"version-history":[{"count":1,"href":"https:\/\/bbconsultoria.net\/site\/wp-json\/wp\/v2\/posts\/6902\/revisions"}],"predecessor-version":[{"id":6904,"href":"https:\/\/bbconsultoria.net\/site\/wp-json\/wp\/v2\/posts\/6902\/revisions\/6904"}],"wp:featuredmedia":[{"embeddable":true,"href":"https:\/\/bbconsultoria.net\/site\/wp-json\/wp\/v2\/media\/6903"}],"wp:attachment":[{"href":"https:\/\/bbconsultoria.net\/site\/wp-json\/wp\/v2\/media?parent=6902"}],"wp:term":[{"taxonomy":"category","embeddable":true,"href":"https:\/\/bbconsultoria.net\/site\/wp-json\/wp\/v2\/categories?post=6902"},{"taxonomy":"post_tag","embeddable":true,"href":"https:\/\/bbconsultoria.net\/site\/wp-json\/wp\/v2\/tags?post=6902"}],"curies":[{"name":"wp","href":"https:\/\/api.w.org\/{rel}","templated":true}]}}