{"id":6900,"date":"2021-05-15T01:00:00","date_gmt":"2021-05-15T04:00:00","guid":{"rendered":"http:\/\/bbconsultoria.net\/site\/?p=6900"},"modified":"2021-06-10T18:31:10","modified_gmt":"2021-06-10T21:31:10","slug":"prefeito-e-governador-devem-guardar-seus-cpfs-governos-tem-cnpj-por-rodrigo-betlhem","status":"publish","type":"post","link":"https:\/\/bbconsultoria.net\/site\/prefeito-e-governador-devem-guardar-seus-cpfs-governos-tem-cnpj-por-rodrigo-betlhem\/","title":{"rendered":"Prefeito e governador devem guardar seus CPFs. Governos t\u00eam CNPJ! &#8211; Por Rodrigo Betlhem"},"content":{"rendered":"<p>Vai parecer estranho, vindo de mim que sou, muitas vezes, cr\u00edtico \u00e0 atual gest\u00e3o do munic\u00edpio, mas defendo que o governador e o prefeito do Rio devem ter sempre um bom entendimento.<\/p>\n<p>Governos n\u00e3o t\u00eam CPF. Governos t\u00eam CNPJ. As pessoas n\u00e3o querem abrir o jornal ou ligar a TV para ver os dirigentes, que foram eleitos para melhorar a vida da popula\u00e7\u00e3o, batendo boca, discutindo, brigando. Esse cen\u00e1rio n\u00e3o interessa a quem pega \u00f4nibus lotado todo dia, convive com esgoto na porta de casa ou \u00e9 ref\u00e9m do tr\u00e1fico e da mil\u00edcia.<\/p>\n<p>Sabemos que o bom entendimento entre os poderes municipal e estadual n\u00e3o significa ter um alinhamento autom\u00e1tico e todos caminharem juntos num per\u00edodo eleitoral.<\/p>\n<p>N\u00e3o, mesmo. \u00c9 claro que cada um pode ter sua ideia, sua ideologia, seus candidatos diferentes, mas enquanto governam, devem se entender para que a popula\u00e7\u00e3o tenha servi\u00e7os de qualidade, pois, inevitavelmente, a transversalidade entre a\u00e7\u00f5es da prefeitura e do governo estadual \u00e9 muito grande.<\/p>\n<p>Imaginem como ser\u00e1 resolver o caos em que se encontra hoje o transporte do Rio, principalmente, os BRTs, sem uma discuss\u00e3o mais ampla e metropolitana. Essa uni\u00e3o dos poderes ser\u00e1 muito necess\u00e1ria, por exemplo, quando o BRT da Transbrasil estiver funcionando, para que haja integra\u00e7\u00e3o entre os \u00f4nibus intermunicipais e o transporte na cidade do Rio de Janeiro.<\/p>\n<p>O exemplo mais bem sucedido de como o entendimento leva \u00e0 prosperidade e qualidade de vida da popula\u00e7\u00e3o foi o recente leil\u00e3o da CEDAE, quando prefeitos e governo sentaram \u00e0 mesma mesa, se entenderam e todos ganharam, principalmente, a popula\u00e7\u00e3o que vai, finalmente, daqui a alguns anos, ter um servi\u00e7o de distribui\u00e7\u00e3o de \u00e1gua e coleta de esgoto de qualidade.<\/p>\n<p>&nbsp;<\/p>\n<p>Por: Rodrigo Betlhem &#8211; Consultor Pol\u00edtico<\/p>\n<p>Fonte: <a href=\"https:\/\/www.jornalcorreiodamanha.com.br\/opiniao\/7002-prefeito-e-governador-devem-guardar-seus-cpfs-governos-tem-cnpj\">Correio da Manh\u00e3<\/a><\/p>\n","protected":false},"excerpt":{"rendered":"<p>Vai parecer estranho, vindo de mim que sou, muitas vezes, cr\u00edtico \u00e0 atual gest\u00e3o do munic\u00edpio, mas defendo que o governador e o prefeito do Rio devem ter sempre um bom entendimento. Governos n\u00e3o t\u00eam CPF. Governos t\u00eam CNPJ. As pessoas n\u00e3o querem abrir o jornal ou ligar a TV para ver os dirigentes, que&#8230; <\/p>\n<div class=\"clear\"><\/div>\n<p><a href=\"https:\/\/bbconsultoria.net\/site\/prefeito-e-governador-devem-guardar-seus-cpfs-governos-tem-cnpj-por-rodrigo-betlhem\/\" class=\"excerpt-read-more\">Read More<\/a><\/p>\n","protected":false},"author":1,"featured_media":6920,"comment_status":"closed","ping_status":"closed","sticky":false,"template":"","format":"standard","meta":{"footnotes":""},"categories":[82],"tags":[101,97,105,104,100,102,87,103,84,106],"class_list":["post-6900","post","type-post","status-publish","format-standard","has-post-thumbnail","hentry","category-noticias","tag-cedae","tag-claudio-castro","tag-eduardo-paes","tag-governador-do-rio","tag-governo-do-estado-do-rio-de-janeiro","tag-leilao-da-cedae","tag-opiniao-rodrigo-bethlem","tag-prefeito-do-rio-de-janeiro","tag-rodrigo-bethlem","tag-transporte-publico-rio-de-janeiro"],"_links":{"self":[{"href":"https:\/\/bbconsultoria.net\/site\/wp-json\/wp\/v2\/posts\/6900","targetHints":{"allow":["GET"]}}],"collection":[{"href":"https:\/\/bbconsultoria.net\/site\/wp-json\/wp\/v2\/posts"}],"about":[{"href":"https:\/\/bbconsultoria.net\/site\/wp-json\/wp\/v2\/types\/post"}],"author":[{"embeddable":true,"href":"https:\/\/bbconsultoria.net\/site\/wp-json\/wp\/v2\/users\/1"}],"replies":[{"embeddable":true,"href":"https:\/\/bbconsultoria.net\/site\/wp-json\/wp\/v2\/comments?post=6900"}],"version-history":[{"count":1,"href":"https:\/\/bbconsultoria.net\/site\/wp-json\/wp\/v2\/posts\/6900\/revisions"}],"predecessor-version":[{"id":6901,"href":"https:\/\/bbconsultoria.net\/site\/wp-json\/wp\/v2\/posts\/6900\/revisions\/6901"}],"wp:featuredmedia":[{"embeddable":true,"href":"https:\/\/bbconsultoria.net\/site\/wp-json\/wp\/v2\/media\/6920"}],"wp:attachment":[{"href":"https:\/\/bbconsultoria.net\/site\/wp-json\/wp\/v2\/media?parent=6900"}],"wp:term":[{"taxonomy":"category","embeddable":true,"href":"https:\/\/bbconsultoria.net\/site\/wp-json\/wp\/v2\/categories?post=6900"},{"taxonomy":"post_tag","embeddable":true,"href":"https:\/\/bbconsultoria.net\/site\/wp-json\/wp\/v2\/tags?post=6900"}],"curies":[{"name":"wp","href":"https:\/\/api.w.org\/{rel}","templated":true}]}}