{"id":6897,"date":"2021-05-24T13:40:03","date_gmt":"2021-05-24T16:40:03","guid":{"rendered":"http:\/\/bbconsultoria.net\/site\/?p=6897"},"modified":"2021-06-10T17:29:53","modified_gmt":"2021-06-10T20:29:53","slug":"o-momento-da-virada-por-rodrigo-betlhem","status":"publish","type":"post","link":"https:\/\/bbconsultoria.net\/site\/o-momento-da-virada-por-rodrigo-betlhem\/","title":{"rendered":"O momento da virada &#8211; Por Rodrigo Betlhem"},"content":{"rendered":"<p>Depois da posse do governador Cl\u00e1udio Castro e do bem sucedido leil\u00e3o\u00a0da concess\u00e3o do saneamento no estado do Rio de Janeiro, passamos a ter uma nova oportunidade de retomar o caminho do crescimento e do protagonismo, perdidos j\u00e1 h\u00e1 tempos no cen\u00e1rio nacional .<\/p>\n<p>Infelizmente, o carioca e o fluminense tiveram grande frustra\u00e7\u00e3o\u00a0com o processo Ol\u00edmpico, que trouxe esperan\u00e7a do Rio sair do seu atoleiro, mas lamentavelmente o que se viu foram obras\u00a0mal feitas e corrup\u00e7\u00e3o.\u00a0Pouco, de fato, se acrescentou \u00e0 qualidade de vida e \u00e0 melhora na renda da popula\u00e7\u00e3o.<\/p>\n<p>O leil\u00e3o do saneamento, mais do que os 22 bilh\u00f5es\u00a0que v\u00e3o entrar nos cofres do estado e dos munic\u00edpios,\u00a0principalmente\u00a0da capital, salvando a cidade do Rio do buraco que se encontra desde as d\u00edvidas contra\u00eddas\u00a0nas olimp\u00edadas, demonstra claramente que os investidores est\u00e3o dispostos a\u00a0apostar no Rio, novamente. N\u00e3o se pode perder essa oportunidade.<\/p>\n<p>\u00c9 importante percebermos as oportunidades e seguir avan\u00e7ando em outras concess\u00f5es, como rodovias, al\u00e9m de outros investimentos, para que possamos n\u00e3o s\u00f3 melhorar a qualidade do servi\u00e7o p\u00fablico, mas tamb\u00e9m\u00a0atrair capital de fora, gerar emprego e renda e, com isso, poder retomar o caminho do crescimento.<\/p>\n<p>O Rio precisa aproveitar esse momento de grande entrada de investimento para os Munic\u00edpios e o Estado, e redirecionar melhor os recursos.<br \/>\nImportante focar em novas voca\u00e7\u00f5es para o Estado n\u00e3o mais depender tanto do petr\u00f3leo.<\/p>\n<p>O Rio ainda \u00e9 o estado que tem a maior n\u00famero de P\u00f3s Graduados, Mestrados e Doutorados do Pa\u00eds &#8211; Ou seja, um ativo que precisa ser aproveitado de forma a atrair mais empresas voltadas para tecnologia e\/ou pesquisa. Mas, \u00e9 importante ressaltar da necessidade de ter todos unidos &#8211; Munic\u00edpios, Estado, Legislativo e Judici\u00e1rio &#8211; afim de que as amarras sejam retiradas e possamos voltar a ser competitivos a n\u00edvel Nacional e\u00a0Mundial.<\/p>\n<p>Hoje, com o advento da tecnologia, trabalhar de qualquer lugar possibilita mostrar que o Rio tem condi\u00e7\u00f5es de competir, inclusive, com pa\u00edses como Estados Unidos e outras pot\u00eancias mundiais.<\/p>\n<p>&nbsp;<\/p>\n<p>Por: Rodrigo Betlhem &#8211; Consultor Politico<\/p>\n<p>Fonte: <a href=\"https:\/\/www.jornalcorreiodamanha.com.br\/opiniao\/7210-o-momento-da-virada\">Correio da Manh\u00e3<\/a><\/p>\n","protected":false},"excerpt":{"rendered":"<p>Depois da posse do governador Cl\u00e1udio Castro e do bem sucedido leil\u00e3o\u00a0da concess\u00e3o do saneamento no estado do Rio de Janeiro, passamos a ter uma nova oportunidade de retomar o caminho do crescimento e do protagonismo, perdidos j\u00e1 h\u00e1 tempos no cen\u00e1rio nacional . Infelizmente, o carioca e o fluminense tiveram grande frustra\u00e7\u00e3o\u00a0com o processo&#8230; <\/p>\n<div class=\"clear\"><\/div>\n<p><a href=\"https:\/\/bbconsultoria.net\/site\/o-momento-da-virada-por-rodrigo-betlhem\/\" class=\"excerpt-read-more\">Read More<\/a><\/p>\n","protected":false},"author":1,"featured_media":6898,"comment_status":"closed","ping_status":"closed","sticky":false,"template":"","format":"standard","meta":{"footnotes":""},"categories":[82],"tags":[97,99,96,98,88,95],"class_list":["post-6897","post","type-post","status-publish","format-standard","has-post-thumbnail","hentry","category-noticias","tag-claudio-castro","tag-consultor-politico","tag-governador-do-rio-de-janeiro","tag-momento-da-virada","tag-rio-de-janeiro","tag-rodrigo-belhem"],"_links":{"self":[{"href":"https:\/\/bbconsultoria.net\/site\/wp-json\/wp\/v2\/posts\/6897","targetHints":{"allow":["GET"]}}],"collection":[{"href":"https:\/\/bbconsultoria.net\/site\/wp-json\/wp\/v2\/posts"}],"about":[{"href":"https:\/\/bbconsultoria.net\/site\/wp-json\/wp\/v2\/types\/post"}],"author":[{"embeddable":true,"href":"https:\/\/bbconsultoria.net\/site\/wp-json\/wp\/v2\/users\/1"}],"replies":[{"embeddable":true,"href":"https:\/\/bbconsultoria.net\/site\/wp-json\/wp\/v2\/comments?post=6897"}],"version-history":[{"count":1,"href":"https:\/\/bbconsultoria.net\/site\/wp-json\/wp\/v2\/posts\/6897\/revisions"}],"predecessor-version":[{"id":6899,"href":"https:\/\/bbconsultoria.net\/site\/wp-json\/wp\/v2\/posts\/6897\/revisions\/6899"}],"wp:featuredmedia":[{"embeddable":true,"href":"https:\/\/bbconsultoria.net\/site\/wp-json\/wp\/v2\/media\/6898"}],"wp:attachment":[{"href":"https:\/\/bbconsultoria.net\/site\/wp-json\/wp\/v2\/media?parent=6897"}],"wp:term":[{"taxonomy":"category","embeddable":true,"href":"https:\/\/bbconsultoria.net\/site\/wp-json\/wp\/v2\/categories?post=6897"},{"taxonomy":"post_tag","embeddable":true,"href":"https:\/\/bbconsultoria.net\/site\/wp-json\/wp\/v2\/tags?post=6897"}],"curies":[{"name":"wp","href":"https:\/\/api.w.org\/{rel}","templated":true}]}}