{"id":6893,"date":"2021-06-07T07:22:14","date_gmt":"2021-06-07T10:22:14","guid":{"rendered":"http:\/\/bbconsultoria.net\/site\/?p=6893"},"modified":"2021-06-10T18:28:50","modified_gmt":"2021-06-10T21:28:50","slug":"tragedia-anunciada-no-rio-de-janeiro-rodrigo-bethlem","status":"publish","type":"post","link":"https:\/\/bbconsultoria.net\/site\/tragedia-anunciada-no-rio-de-janeiro-rodrigo-bethlem\/","title":{"rendered":"Trag\u00e9dia anunciada no Rio de Janeiro &#8211; Por Rodrigo Bethlem"},"content":{"rendered":"<p>Lamentavelmente, na semana passada, assistimos a mais uma trag\u00e9dia no Rio de Janeiro: Quinta-feira, dia 03\/06, um pr\u00e9dio desabou no Rio das Pedras (Zona Oeste do Rio) deixando dois mortos \u2013 um homem de 30\u00a0anos e uma crian\u00e7a de 2 \u2013 e quatro feridos.<\/p>\n<p>Todos sabem, inclusive as autoridades, que o im\u00f3vel, como tantos outros, era fruto de ocupa\u00e7\u00f5es irregulares feitas pelo crime organizado nessas regi\u00f5es \u2013 tr\u00e1fico e\u00a0mil\u00edcia.<\/p>\n<p>N\u00e3o se iludam. Nessas \u00e1reas nada \u00e9 constru\u00eddo sem no m\u00ednimo a anu\u00eancia do poder paralelo.<\/p>\n<p>N\u00e3o cabe, neste momento,\u00a0culpar nenhum governo, especificamente. Infelizmente, essa\u00a0desgra\u00e7a \u00e9 o resultado da cultura do carioca.<\/p>\n<p>J\u00e1 tivemos o poder p\u00fablico , na d\u00e9cada de 80, aterrando esta \u00e1rea para que a popula\u00e7\u00e3o ocupasse irregularmente como forma de resolver o problema habitacional. Quanta demagogia!<\/p>\n<p>\u00c9 preciso passarmos a seguir, minimamente, as regras da cidade, ou vamos continuar convivendo num Rio que n\u00e3o ser\u00e1 bom para ningu\u00e9m.<\/p>\n<p>Enquanto permitirmos que a demagogia impere, teremos que viver para assistir esse tipo de trag\u00e9dia.<\/p>\n<p>E, n\u00e3o posso deixar passar esse triste fato sem fazer um alerta ao prefeito Eduardo Paes.<\/p>\n<p>Prefeito, o munic\u00edpio vai receber uma grande quantidade de dinheiro, vinda da bem-sucedida concess\u00e3o da Cedae. Use parte dessa verba para realocar essas pessoas.\u00a0J\u00e1 passou da hora de o poder\u00a0p\u00fablico fazer um trabalho s\u00e9rio ali.<\/p>\n<p>N\u00e3o estamos procurando culpados para o que aconteceu, mas \u00e9 necess\u00e1rio e urgente que se fa\u00e7a um estudo criterioso a fim de identificar\u00a0os pr\u00e9dios que ainda apresentam risco de desabamento e, evitar uma poss\u00edvel trag\u00e9dia anunciada.<\/p>\n<p>Vivi isso muito intensamente quando fui secret\u00e1rio municipal de Ordem P\u00fablica.<\/p>\n<p>Em 2009, implantei o \u201cChoque de Ordem\u201d. S\u00f3 na regi\u00e3o do Rio das Pedras, demolimos mais de 15 pr\u00e9dios.\u00a0Fui duramente criticado por isso e tive, inclusive, que mudar minha rotina.<\/p>\n<p>Passei a andar com seguran\u00e7a, al\u00e9m de ter que aguentar a turma da esquerda, mais notoriamente, do Psol e do PT, dizendo que eu era Capit\u00e3o do Mato e que o \u201cChoque de Ordem\u201d\u00a0era contra pobre.<\/p>\n<p>Interessante que estes mesmos que protestam, quando a\u00e7\u00e3o do poder p\u00fablico impede a expans\u00e3o imobili\u00e1ria irregular, agora, dos seus smartphones, postam nas redes sociais uma pseudo indigna\u00e7\u00e3o com a falta de a\u00e7\u00e3o que eles mesmos repudiaram outrora.<\/p>\n<p>N\u00e3o h\u00e1 solu\u00e7\u00e3o para o Rio enquanto n\u00e3o mudarmos a cultura da desordem. N\u00e3o vem de hoje. Criminosos no Rio h\u00e1 muito s\u00e3o tratados como celebridades, e a a\u00e7\u00e3o do estado, mesmo sem uma apura\u00e7\u00e3o mais profunda \u00e9 sempre criminalizada, como no caso do Jacarezinho.<\/p>\n<p>Por: Rodrigo Bethlem &#8211; Consultor Pol\u00edtico<\/p>\n<p>&nbsp;<\/p>\n<p>Fonte: <a href=\"https:\/\/www.jornalcorreiodamanha.com.br\/opiniao\/7559-tragedia-anunciada\">Correio da Manh\u00e3<\/a><\/p>\n","protected":false},"excerpt":{"rendered":"<p>Lamentavelmente, na semana passada, assistimos a mais uma trag\u00e9dia no Rio de Janeiro: Quinta-feira, dia 03\/06, um pr\u00e9dio desabou no Rio das Pedras (Zona Oeste do Rio) deixando dois mortos \u2013 um homem de 30\u00a0anos e uma crian\u00e7a de 2 \u2013 e quatro feridos. Todos sabem, inclusive as autoridades, que o im\u00f3vel, como tantos outros,&#8230; <\/p>\n<div class=\"clear\"><\/div>\n<p><a href=\"https:\/\/bbconsultoria.net\/site\/tragedia-anunciada-no-rio-de-janeiro-rodrigo-bethlem\/\" class=\"excerpt-read-more\">Read More<\/a><\/p>\n","protected":false},"author":1,"featured_media":6894,"comment_status":"closed","ping_status":"closed","sticky":false,"template":"","format":"standard","meta":{"footnotes":""},"categories":[82],"tags":[105,142,141,143,84,140,144],"class_list":["post-6893","post","type-post","status-publish","format-standard","has-post-thumbnail","hentry","category-noticias","tag-eduardo-paes","tag-prefeito-do-rio","tag-prefeitura-do-rio","tag-rio-das-pedras","tag-rodrigo-bethlem","tag-tragedia-na-muzema","tag-tragedia-na-zona-oeste"],"_links":{"self":[{"href":"https:\/\/bbconsultoria.net\/site\/wp-json\/wp\/v2\/posts\/6893","targetHints":{"allow":["GET"]}}],"collection":[{"href":"https:\/\/bbconsultoria.net\/site\/wp-json\/wp\/v2\/posts"}],"about":[{"href":"https:\/\/bbconsultoria.net\/site\/wp-json\/wp\/v2\/types\/post"}],"author":[{"embeddable":true,"href":"https:\/\/bbconsultoria.net\/site\/wp-json\/wp\/v2\/users\/1"}],"replies":[{"embeddable":true,"href":"https:\/\/bbconsultoria.net\/site\/wp-json\/wp\/v2\/comments?post=6893"}],"version-history":[{"count":2,"href":"https:\/\/bbconsultoria.net\/site\/wp-json\/wp\/v2\/posts\/6893\/revisions"}],"predecessor-version":[{"id":6896,"href":"https:\/\/bbconsultoria.net\/site\/wp-json\/wp\/v2\/posts\/6893\/revisions\/6896"}],"wp:featuredmedia":[{"embeddable":true,"href":"https:\/\/bbconsultoria.net\/site\/wp-json\/wp\/v2\/media\/6894"}],"wp:attachment":[{"href":"https:\/\/bbconsultoria.net\/site\/wp-json\/wp\/v2\/media?parent=6893"}],"wp:term":[{"taxonomy":"category","embeddable":true,"href":"https:\/\/bbconsultoria.net\/site\/wp-json\/wp\/v2\/categories?post=6893"},{"taxonomy":"post_tag","embeddable":true,"href":"https:\/\/bbconsultoria.net\/site\/wp-json\/wp\/v2\/tags?post=6893"}],"curies":[{"name":"wp","href":"https:\/\/api.w.org\/{rel}","templated":true}]}}