{"id":6874,"date":"2019-07-31T13:33:37","date_gmt":"2019-07-31T16:33:37","guid":{"rendered":"http:\/\/bbconsultoria.net\/site\/?p=6874"},"modified":"2019-07-31T13:33:37","modified_gmt":"2019-07-31T16:33:37","slug":"inadimplencia-de-empresas-volta-a-acelerar-e-cresce-402-em-junho","status":"publish","type":"post","link":"https:\/\/bbconsultoria.net\/site\/inadimplencia-de-empresas-volta-a-acelerar-e-cresce-402-em-junho\/","title":{"rendered":"Inadimpl\u00eancia de empresas volta a acelerar e cresce 4,02% em junho"},"content":{"rendered":"<div>\n<div>Crescimento dos atrasos em junho \u00e9 o maior desde mar\u00e7o deste ano; 70% das empresas devem para o setor de servi\u00e7os.<\/p>\n<p>Dados apurados pela Confedera\u00e7\u00e3o Nacional de Dirigentes Lojistas (CNDL) e pelo Servi\u00e7o de Prote\u00e7\u00e3o ao Cr\u00e9dito (SPC Brasil) apontam que a quantidade de pessoas jur\u00eddicas negativadas apresentou alta 4,02% no \u00faltimo m\u00eas de junho frente igual per\u00edodo do ano passado. O n\u00famero \u00e9 superior que o constatado em maio, que fora de 2,90% e o maior desde mar\u00e7o deste ano, quando havia crescido 3,30%.<\/p>\n<p>Na compara\u00e7\u00e3o mensal &#8211; entre maio e junho deste ano, sem ajuste sazonal &#8211; houve uma alta de 1,55% no volume de empresas com alguma conta em atraso. Trata-se de maior alta mensal desde novembro do ano passado, quando o crescimento observado fora de 2,17%.<\/p>\n<p>Os dados regionais mostram que o Sudeste lidera o crescimento da inadimpl\u00eancia entre as empresas. Na compara\u00e7\u00e3o com o mesmo m\u00eas do ano passado, o n\u00famero de pessoas jur\u00eddicas negativadas na regi\u00e3o cresceu 6,60%, a varia\u00e7\u00e3o mais elevada entre os locais pesquisados. Em seguida aparecem, na ordem, as regi\u00f5es Sul, que registrou avan\u00e7o de 2,64% na mesma base de compara\u00e7\u00e3o, Centro-oeste (1,81%), Norte (1,16%) e Nordeste (0,75%).<\/p>\n<p>Outro indicador tamb\u00e9m mensurado pelo SPC Brasil e pela CNDL \u00e9 o de d\u00edvidas em atraso. Neste caso, o crescimento tamb\u00e9m foi superior ao dos meses anteriores: alta de 1,23% em junho frente o mesmo per\u00edodo do ano passado. Nessa base de compara\u00e7\u00e3o, foi a primeira alta ap\u00f3s tr\u00eas meses seguidos de recuos.<\/p>\n<p>Na avalia\u00e7\u00e3o do presidente da CNDL, Jos\u00e9 Cesar Costa, o crescimento econ\u00f4mico em ritmo abaixo do que era esperado tem impactado a capacidade de pagamento das empresas. &#8220;Com o mercado de trabalho demorando para reagir e a capacidade ociosa das ind\u00fastrias em n\u00edveis elevados, as empresas v\u00eam enfrentando dificuldades para honrar seus compromissos. Para os pr\u00f3ximos meses, o movimento da inadimpl\u00eancia de pessoas jur\u00eddicas ir\u00e1 depender da evolu\u00e7\u00e3o do cr\u00e9dito e da atividade econ\u00f4mica, que ainda avan\u00e7a de maneira lenta&#8221;, avalia Costa.<\/p>\n<p>Entre os segmentos devedores, as altas mais expressivas do n\u00famero de empresas negativadas ficaram com os ramos de servi\u00e7o, que apresentou crescimento de 6,44% no per\u00edodo. J\u00e1 o setor do com\u00e9rcio teve alta de 2,03% na quantidade de atrasos, enquanto as ind\u00fastrias avan\u00e7aram 1,51%.<\/p>\n<p>J\u00e1 o setor credor &#8211; ou seja, as empresas que deixaram de receber de outras empresas &#8211; o destaque ficou por conta do setor de servi\u00e7os, cuja alta foi de 1,77% na quantidade de atrasos. No setor de com\u00e9rcio, a alta observada foi de 1,60% em junho deste ano contra junho do ano passado. Na ind\u00fastria, houve queda de 0,10%.<\/p>\n<p>No geral, 70% das empresas inadimplentes devem para o setor de servi\u00e7os, que engloba bancos e financeiras. O com\u00e9rcio responde por 17% dos setores credores, enquanto as ind\u00fastrias por 12%.<\/p><\/div>\n<\/div>\n<div><\/div>\n<div><\/div>\n<div>FONTE:\u00a0MONITOR MERCANTIL<\/div>\n","protected":false},"excerpt":{"rendered":"<p>Crescimento dos atrasos em junho \u00e9 o maior desde mar\u00e7o deste ano; 70% das empresas devem para o setor de servi\u00e7os. Dados apurados pela Confedera\u00e7\u00e3o Nacional de Dirigentes Lojistas (CNDL) e pelo Servi\u00e7o de Prote\u00e7\u00e3o ao Cr\u00e9dito (SPC Brasil) apontam que a quantidade de pessoas jur\u00eddicas negativadas apresentou alta 4,02% no \u00faltimo m\u00eas de junho&#8230; <\/p>\n<div class=\"clear\"><\/div>\n<p><a href=\"https:\/\/bbconsultoria.net\/site\/inadimplencia-de-empresas-volta-a-acelerar-e-cresce-402-em-junho\/\" class=\"excerpt-read-more\">Read More<\/a><\/p>\n","protected":false},"author":4,"featured_media":0,"comment_status":"closed","ping_status":"closed","sticky":false,"template":"","format":"standard","meta":{"footnotes":""},"categories":[82],"tags":[],"class_list":["post-6874","post","type-post","status-publish","format-standard","hentry","category-noticias"],"_links":{"self":[{"href":"https:\/\/bbconsultoria.net\/site\/wp-json\/wp\/v2\/posts\/6874","targetHints":{"allow":["GET"]}}],"collection":[{"href":"https:\/\/bbconsultoria.net\/site\/wp-json\/wp\/v2\/posts"}],"about":[{"href":"https:\/\/bbconsultoria.net\/site\/wp-json\/wp\/v2\/types\/post"}],"author":[{"embeddable":true,"href":"https:\/\/bbconsultoria.net\/site\/wp-json\/wp\/v2\/users\/4"}],"replies":[{"embeddable":true,"href":"https:\/\/bbconsultoria.net\/site\/wp-json\/wp\/v2\/comments?post=6874"}],"version-history":[{"count":1,"href":"https:\/\/bbconsultoria.net\/site\/wp-json\/wp\/v2\/posts\/6874\/revisions"}],"predecessor-version":[{"id":6875,"href":"https:\/\/bbconsultoria.net\/site\/wp-json\/wp\/v2\/posts\/6874\/revisions\/6875"}],"wp:attachment":[{"href":"https:\/\/bbconsultoria.net\/site\/wp-json\/wp\/v2\/media?parent=6874"}],"wp:term":[{"taxonomy":"category","embeddable":true,"href":"https:\/\/bbconsultoria.net\/site\/wp-json\/wp\/v2\/categories?post=6874"},{"taxonomy":"post_tag","embeddable":true,"href":"https:\/\/bbconsultoria.net\/site\/wp-json\/wp\/v2\/tags?post=6874"}],"curies":[{"name":"wp","href":"https:\/\/api.w.org\/{rel}","templated":true}]}}